{"id":627,"date":"2019-03-14T23:06:25","date_gmt":"2019-03-14T21:06:25","guid":{"rendered":"https:\/\/www.revista-insaiguaviva.org\/curs2018-2019\/?p=627"},"modified":"2019-04-13T20:30:26","modified_gmt":"2019-04-13T18:30:26","slug":"european-clean-up-day","status":"publish","type":"post","link":"https:\/\/www.revista-insaiguaviva.org\/curs2018-2019\/2019\/03\/14\/european-clean-up-day\/","title":{"rendered":"European Clean Up Day"},"content":{"rendered":"<p><img loading=\"lazy\" decoding=\"async\" class=\"alignnone wp-image-628 size-large\" src=\"https:\/\/www.revista-insaiguaviva.org\/curs2018-2019\/wp-content\/uploads\/2019\/03\/unnamed-1024x219.jpg\" alt=\"\" width=\"525\" height=\"112\" srcset=\"https:\/\/www.revista-insaiguaviva.org\/curs2018-2019\/wp-content\/uploads\/2019\/03\/unnamed-1024x219.jpg 1024w, https:\/\/www.revista-insaiguaviva.org\/curs2018-2019\/wp-content\/uploads\/2019\/03\/unnamed-300x64.jpg 300w, https:\/\/www.revista-insaiguaviva.org\/curs2018-2019\/wp-content\/uploads\/2019\/03\/unnamed-768x164.jpg 768w\" sizes=\"auto, (max-width: 525px) 100vw, 525px\" \/><\/p>\n<p>El nostre centre s&#8217;ha registrat a la campanya <strong><em>Let&#8217;s Clean Up Europe!\u00a0<\/em><\/strong>que promou accions de neteja als espais naturals de Catalunya. Aquesta campanya s&#8217;inclour\u00e0 dins del Servei Comunitari\u00a0<em><strong>Dintre de l\u2019espai natural de Gallecs<\/strong><\/em>, que es porta a terme amb alumnes de tercer curs d&#8217;ESO i t\u00e9 com a professor responsable al Xavier Bentu\u00e9. Aquest servei t\u00e9 com a principal objectiu\u00a0<span style=\"font-size: 1rem;\">col\u00b7laborar en dos a\u0300mbits importants que es duen a terme dins l\u2019Espai Natural de Gallecs: les Fires de Gallecs i la recollida de residus provocats per l\u2019u\u0301s habitual del Parc.<\/span><\/p>\n<p><span style=\"font-size: 1rem;\">Per obtenir m\u00e9s informaci\u00f3, podeu visitar\u00a0<a href=\"http:\/\/www.arc.cat\/letscleanupeurope\" target=\"_blank\" rel=\"noopener\" data-saferedirecturl=\"https:\/\/www.google.com\/url?q=http:\/\/www.arc.cat\/letscleanupeurope&amp;source=gmail&amp;ust=1552682957038000&amp;usg=AFQjCNHbsOxlaQE8C4Asly9v3YkcEgpObQ\">http:\/\/www.arc.cat\/<wbr \/>letscleanupeurope.<\/a><\/span><\/p>\n<p>&nbsp;<\/p>\n<p>&nbsp;<\/p>\n","protected":false},"excerpt":{"rendered":"<p>El nostre centre s&#8217;ha registrat a la campanya Let&#8217;s Clean Up Europe!\u00a0que promou accions de neteja als espais naturals de Catalunya. Aquesta campanya s&#8217;inclour\u00e0 dins del Servei Comunitari\u00a0Dintre de l\u2019espai natural de Gallecs, que es porta a terme amb alumnes de tercer curs d&#8217;ESO i t\u00e9 com a professor responsable al Xavier Bentu\u00e9. Aquest servei &hellip; <\/p>\n<p class=\"link-more\"><a href=\"https:\/\/www.revista-insaiguaviva.org\/curs2018-2019\/2019\/03\/14\/european-clean-up-day\/\" class=\"more-link\">Continua llegint <span class=\"screen-reader-text\">\u00abEuropean Clean Up Day\u00bb<\/span><\/a><\/p>\n","protected":false},"author":2,"featured_media":0,"comment_status":"open","ping_status":"open","sticky":false,"template":"","format":"standard","meta":{"footnotes":""},"categories":[99,92],"tags":[],"class_list":["post-627","post","type-post","status-publish","format-standard","hentry","category-european-clean-up-day","category-servei-comunitari-dintre-lespai-natural-de-gallecs"],"_links":{"self":[{"href":"https:\/\/www.revista-insaiguaviva.org\/curs2018-2019\/wp-json\/wp\/v2\/posts\/627","targetHints":{"allow":["GET"]}}],"collection":[{"href":"https:\/\/www.revista-insaiguaviva.org\/curs2018-2019\/wp-json\/wp\/v2\/posts"}],"about":[{"href":"https:\/\/www.revista-insaiguaviva.org\/curs2018-2019\/wp-json\/wp\/v2\/types\/post"}],"author":[{"embeddable":true,"href":"https:\/\/www.revista-insaiguaviva.org\/curs2018-2019\/wp-json\/wp\/v2\/users\/2"}],"replies":[{"embeddable":true,"href":"https:\/\/www.revista-insaiguaviva.org\/curs2018-2019\/wp-json\/wp\/v2\/comments?post=627"}],"version-history":[{"count":4,"href":"https:\/\/www.revista-insaiguaviva.org\/curs2018-2019\/wp-json\/wp\/v2\/posts\/627\/revisions"}],"predecessor-version":[{"id":634,"href":"https:\/\/www.revista-insaiguaviva.org\/curs2018-2019\/wp-json\/wp\/v2\/posts\/627\/revisions\/634"}],"wp:attachment":[{"href":"https:\/\/www.revista-insaiguaviva.org\/curs2018-2019\/wp-json\/wp\/v2\/media?parent=627"}],"wp:term":[{"taxonomy":"category","embeddable":true,"href":"https:\/\/www.revista-insaiguaviva.org\/curs2018-2019\/wp-json\/wp\/v2\/categories?post=627"},{"taxonomy":"post_tag","embeddable":true,"href":"https:\/\/www.revista-insaiguaviva.org\/curs2018-2019\/wp-json\/wp\/v2\/tags?post=627"}],"curies":[{"name":"wp","href":"https:\/\/api.w.org\/{rel}","templated":true}]}}