{"id":639,"date":"2019-03-23T19:28:05","date_gmt":"2019-03-23T17:28:05","guid":{"rendered":"https:\/\/www.revista-insaiguaviva.org\/curs2018-2019\/?p=639"},"modified":"2019-03-23T19:37:18","modified_gmt":"2019-03-23T17:37:18","slug":"portes-obertes-eso-2019","status":"publish","type":"post","link":"https:\/\/www.revista-insaiguaviva.org\/curs2018-2019\/2019\/03\/23\/portes-obertes-eso-2019\/","title":{"rendered":"Portes obertes ESO"},"content":{"rendered":"<p>El passat divendres, 22 de mar\u00e7, va tenir lloc la Jornada de Portes Obertes al nostre centre. Hi van assistir molts pares, mares i joves interessant-se pel nostre projecte educatiu i per les activitats que portem a terme.\u00a0 Us agra\u00efm a tots la vostra assist\u00e8ncia.<\/p>\n<p><img loading=\"lazy\" decoding=\"async\" class=\"wp-image-640 size-medium aligncenter\" src=\"https:\/\/www.revista-insaiguaviva.org\/curs2018-2019\/wp-content\/uploads\/2019\/03\/IMG-20190322-WA0019-169x300.jpg\" alt=\"\" width=\"169\" height=\"300\" srcset=\"https:\/\/www.revista-insaiguaviva.org\/curs2018-2019\/wp-content\/uploads\/2019\/03\/IMG-20190322-WA0019-169x300.jpg 169w, https:\/\/www.revista-insaiguaviva.org\/curs2018-2019\/wp-content\/uploads\/2019\/03\/IMG-20190322-WA0019-768x1361.jpg 768w, https:\/\/www.revista-insaiguaviva.org\/curs2018-2019\/wp-content\/uploads\/2019\/03\/IMG-20190322-WA0019-578x1024.jpg 578w, https:\/\/www.revista-insaiguaviva.org\/curs2018-2019\/wp-content\/uploads\/2019\/03\/IMG-20190322-WA0019.jpg 903w\" sizes=\"auto, (max-width: 169px) 100vw, 169px\" \/><\/p>\n<p>Vam fer algunes fotografies que podeu veure clicant <a href=\"https:\/\/photos.app.goo.gl\/9JWXFJZ7uPUuhTtw5\" target=\"_blank\" rel=\"noopener\">aqu\u00ed.<\/a><\/p>\n<div style=\"text-align: center;\"><iframe loading=\"lazy\" src=\"https:\/\/www.youtube.com\/embed\/X0yBd_r_9hs\" width=\"420\" height=\"300\" frameborder=\"0\" allowfullscreen=\"allowfullscreen\"><\/iframe><\/div>\n","protected":false},"excerpt":{"rendered":"<p>El passat divendres, 22 de mar\u00e7, va tenir lloc la Jornada de Portes Obertes al nostre centre. Hi van assistir molts pares, mares i joves interessant-se pel nostre projecte educatiu i per les activitats que portem a terme.\u00a0 Us agra\u00efm a tots la vostra assist\u00e8ncia. Vam fer algunes fotografies que podeu veure clicant aqu\u00ed.<\/p>\n","protected":false},"author":2,"featured_media":0,"comment_status":"open","ping_status":"open","sticky":false,"template":"","format":"standard","meta":{"footnotes":""},"categories":[33,93],"tags":[],"class_list":["post-639","post","type-post","status-publish","format-standard","hentry","category-noticies","category-portes-obertes-eso"],"_links":{"self":[{"href":"https:\/\/www.revista-insaiguaviva.org\/curs2018-2019\/wp-json\/wp\/v2\/posts\/639","targetHints":{"allow":["GET"]}}],"collection":[{"href":"https:\/\/www.revista-insaiguaviva.org\/curs2018-2019\/wp-json\/wp\/v2\/posts"}],"about":[{"href":"https:\/\/www.revista-insaiguaviva.org\/curs2018-2019\/wp-json\/wp\/v2\/types\/post"}],"author":[{"embeddable":true,"href":"https:\/\/www.revista-insaiguaviva.org\/curs2018-2019\/wp-json\/wp\/v2\/users\/2"}],"replies":[{"embeddable":true,"href":"https:\/\/www.revista-insaiguaviva.org\/curs2018-2019\/wp-json\/wp\/v2\/comments?post=639"}],"version-history":[{"count":8,"href":"https:\/\/www.revista-insaiguaviva.org\/curs2018-2019\/wp-json\/wp\/v2\/posts\/639\/revisions"}],"predecessor-version":[{"id":650,"href":"https:\/\/www.revista-insaiguaviva.org\/curs2018-2019\/wp-json\/wp\/v2\/posts\/639\/revisions\/650"}],"wp:attachment":[{"href":"https:\/\/www.revista-insaiguaviva.org\/curs2018-2019\/wp-json\/wp\/v2\/media?parent=639"}],"wp:term":[{"taxonomy":"category","embeddable":true,"href":"https:\/\/www.revista-insaiguaviva.org\/curs2018-2019\/wp-json\/wp\/v2\/categories?post=639"},{"taxonomy":"post_tag","embeddable":true,"href":"https:\/\/www.revista-insaiguaviva.org\/curs2018-2019\/wp-json\/wp\/v2\/tags?post=639"}],"curies":[{"name":"wp","href":"https:\/\/api.w.org\/{rel}","templated":true}]}}