{"id":756,"date":"2019-04-23T18:40:29","date_gmt":"2019-04-23T16:40:29","guid":{"rendered":"https:\/\/www.revista-insaiguaviva.org\/curs2018-2019\/?p=756"},"modified":"2019-06-12T21:09:53","modified_gmt":"2019-06-12T19:09:53","slug":"sant-jordi-2019","status":"publish","type":"post","link":"https:\/\/www.revista-insaiguaviva.org\/curs2018-2019\/2019\/04\/23\/sant-jordi-2019\/","title":{"rendered":"Sant Jordi 2019"},"content":{"rendered":"<p>Avui, 23 d&#8217;abril, s&#8217;ha realitzat l&#8217;acte de lliurament de premis dels diferents concursos de Sant Jordi: literaris, art\u00edstic i de realitzaci\u00f3 de v\u00eddeo. L&#8217;acte ha estat presentat per la N\u00faria P\u00e9rez i l&#8217;Ona Tres, amb l&#8217;ajuda t\u00e8cnica del Gorka Adan, tots tres de tercer curs d&#8217;ESO.<\/p>\n<p>Cal destacar l&#8217;actuaci\u00f3 de la Isabel Maria Cano que ens ha cantat la can\u00e7\u00f3 <em>En un pa\u00eds de f\u00e1bula<\/em> que pertany a la sarsuela <em>La tabernera del puerto<\/em>, de Pablo Soroz\u00e1bal. Li agra\u00efm molt la seva participaci\u00f3 en aquest acte.<\/p>\n<p>Tamb\u00e9 volem agrair la participaci\u00f3 de la Carla D\u00edaz, de tercer d&#8217;ESO, que ens ha cantat la can\u00e7\u00f3 <em>Comi\u00e9ndote a besos,<\/em> de Rozal\u00e9n; i de l&#8217;Aleix Anadon, de batxillerat, que ens ha recitat el poema <em>La llima dins el pa<\/em>, de Joan Brossa.<\/p>\n<p>Felicitem els guanyadors i animem a tots els participants a seguir intentant-lo a la propera convocat\u00f2ria.<\/p>\n<p><img loading=\"lazy\" decoding=\"async\" class=\"aligncenter wp-image-757 size-large\" src=\"https:\/\/www.revista-insaiguaviva.org\/curs2018-2019\/wp-content\/uploads\/2019\/04\/IMG_20190423_125844_634-768x1024.jpg\" alt=\"\" width=\"525\" height=\"700\" srcset=\"https:\/\/www.revista-insaiguaviva.org\/curs2018-2019\/wp-content\/uploads\/2019\/04\/IMG_20190423_125844_634-768x1024.jpg 768w, https:\/\/www.revista-insaiguaviva.org\/curs2018-2019\/wp-content\/uploads\/2019\/04\/IMG_20190423_125844_634-225x300.jpg 225w\" sizes=\"auto, (max-width: 525px) 100vw, 525px\" \/><\/p>\n<p>Podeu veure totes les fotografies clicant <a href=\"https:\/\/photos.app.goo.gl\/qAUsaaGvs9zonVju9\" target=\"_blank\" rel=\"noopener\">aqu\u00ed.<\/a><\/p>\n<p>Premis (clicant sobre els enlla\u00e7os podreu veure les obres premiades):<\/p>\n<table>\n<tbody>\n<tr>\n<td colspan=\"3\" width=\"466\"><strong>EDUCACI\u00d3 VISUAL I PL\u00c0STICA<\/strong><\/td>\n<\/tr>\n<tr>\n<td width=\"105\"><strong>Modalitat<\/strong><\/td>\n<td width=\"106\"><strong>Nivell\/Categoria<\/strong><\/td>\n<td width=\"255\"><strong>NOM \/ OBRA<\/strong><\/td>\n<\/tr>\n<tr>\n<td width=\"105\">Dibuix<\/td>\n<td width=\"106\">1r ESO<\/td>\n<td width=\"255\"><a href=\"https:\/\/www.revista-insaiguaviva.org\/curs2018-2019\/?page_id=842&amp;preview=true\" target=\"_blank\" rel=\"noopener\">VITALY VORONEVYCH<\/a><\/td>\n<\/tr>\n<tr>\n<td width=\"105\">Dibuix<\/td>\n<td width=\"106\">2n ESO<\/td>\n<td width=\"255\"><a href=\"https:\/\/www.revista-insaiguaviva.org\/curs2018-2019\/?page_id=842&amp;preview=true\" target=\"_blank\" rel=\"noopener\">SARA BEJARANO<\/a><\/td>\n<\/tr>\n<tr>\n<td width=\"105\">Dibuix<\/td>\n<td width=\"106\">3r ESO<\/td>\n<td width=\"255\"><a href=\"https:\/\/www.revista-insaiguaviva.org\/curs2018-2019\/?page_id=842&amp;preview=true\" target=\"_blank\" rel=\"noopener\">GEORGINA PASCUAL<\/a><\/td>\n<\/tr>\n<tr>\n<td width=\"105\">Dibuix<\/td>\n<td width=\"106\">3r ESO<\/td>\n<td width=\"255\"><a href=\"https:\/\/www.revista-insaiguaviva.org\/curs2018-2019\/?page_id=842&amp;preview=true\" target=\"_blank\" rel=\"noopener\">LAIA CREUS<\/a><\/td>\n<\/tr>\n<\/tbody>\n<\/table>\n<p>Clicant <a href=\"https:\/\/photos.app.goo.gl\/xbqee2AMbJDfFPFo6\" target=\"_blank\" rel=\"noopener\">aqu\u00ed<\/a> podreu veure tots els dibuixos presentats.<\/p>\n<table>\n<tbody>\n<tr>\n<td colspan=\"3\" width=\"466\"><strong>MATEM\u00c0TIQUES, CI\u00c8NCIES EXPERIMENTALS I TECNOLOGIA<\/strong><\/td>\n<\/tr>\n<tr>\n<td width=\"105\"><strong>Modalitat<\/strong><\/td>\n<td width=\"106\"><strong>Nivell\/Categoria<\/strong><\/td>\n<td width=\"255\"><strong>NOM \/ OBRA<\/strong><\/td>\n<\/tr>\n<tr>\n<td width=\"105\">V\u00eddeo divulgatiu<\/td>\n<td width=\"106\">1r i 2n ESO<\/td>\n<td width=\"255\">Desert<\/td>\n<\/tr>\n<tr>\n<td width=\"105\">V\u00eddeo divulgatiu<\/td>\n<td width=\"106\">3r i 4t ESO<\/td>\n<td width=\"255\">LAURA ALFARO, MIREIA CALDUCH, GERARD FORTU\u00d1O I SERGI MORENO<\/td>\n<\/tr>\n<tr>\n<td width=\"105\">V\u00eddeo divulgatiu<\/td>\n<td width=\"106\">1r i 2n BTX<\/td>\n<td width=\"255\">Desert<\/td>\n<\/tr>\n<\/tbody>\n<\/table>\n<p>&nbsp;<\/p>\n<table>\n<tbody>\n<tr>\n<td colspan=\"3\" width=\"466\"><strong>LLENGUA ANGLESA\u00a0\u00a0\u00a0\u00a0\u00a0\u00a0\u00a0\u00a0\u00a0\u00a0\u00a0\u00a0\u00a0\u00a0\u00a0\u00a0\u00a0\u00a0\u00a0\u00a0\u00a0\u00a0\u00a0\u00a0\u00a0\u00a0\u00a0\u00a0\u00a0\u00a0\u00a0\u00a0\u00a0\u00a0\u00a0\u00a0\u00a0\u00a0\u00a0 <\/strong><\/td>\n<\/tr>\n<tr>\n<td width=\"105\"><strong>Modalitat<\/strong><\/td>\n<td width=\"106\"><strong>Nivell\/Categoria<\/strong><\/td>\n<td width=\"255\"><strong>NOM \/ OBRA<\/strong><\/td>\n<\/tr>\n<tr>\n<td width=\"105\">Poesia<\/td>\n<td width=\"106\">1r i 2n ESO<\/td>\n<td width=\"255\">AINOA MAR\u00cdN \u2013 <a href=\"https:\/\/www.revista-insaiguaviva.org\/curs2018-2019\/person-ainoa-marin\/\" target=\"_blank\" rel=\"noopener\"><em>Person<\/em><\/a><\/p>\n<p>MARIA DE MANUEL &#8211;<a href=\"https:\/\/www.revista-insaiguaviva.org\/curs2018-2019\/memories\/\" target=\"_blank\" rel=\"noopener\"><em> Memories<\/em><\/a><\/td>\n<\/tr>\n<tr>\n<td width=\"105\">Poesia<\/td>\n<td width=\"106\">3r i 4t ESO<\/td>\n<td width=\"255\">ALBERT SALUDAS \u2013 <em>Insert Title<\/em><\/td>\n<\/tr>\n<tr>\n<td width=\"105\">Poesia<\/td>\n<td width=\"106\">1r i 2n BTX<\/td>\n<td width=\"255\">Desert<\/td>\n<\/tr>\n<tr>\n<td width=\"105\">Prosa<\/td>\n<td width=\"106\">1r i 2n ESO<\/td>\n<td width=\"255\">VIRG\u00cdNIA NAVARRO \u2013 <a href=\"https:\/\/www.revista-insaiguaviva.org\/curs2018-2019\/the-old-virginia-navarro\/\" target=\"_blank\" rel=\"noopener\"><em>The Old<\/em><\/a><\/td>\n<\/tr>\n<tr>\n<td width=\"105\">Prosa<\/td>\n<td width=\"106\">3r i 4t ESO<\/td>\n<td width=\"255\">GERARD LANZAS \u2013 <em>The treasure searching<\/em><\/td>\n<\/tr>\n<tr>\n<td width=\"105\">Prosa<\/td>\n<td width=\"106\">1r i 2n BTX<\/td>\n<td width=\"255\">LAURA ARASIL \u2013 <a href=\"https:\/\/www.revista-insaiguaviva.org\/curs2018-2019\/happy-end-laura-arasil\/\" target=\"_blank\" rel=\"noopener\"><em>Happy end<\/em><\/a><\/td>\n<\/tr>\n<\/tbody>\n<\/table>\n<p>&nbsp;<\/p>\n<table width=\"468\">\n<tbody>\n<tr>\n<td colspan=\"3\" width=\"468\"><strong>LLENGUA CASTELLANA<\/strong><\/td>\n<\/tr>\n<tr>\n<td width=\"100\"><strong>Modalitat<\/strong><\/td>\n<td width=\"111\"><strong>Nivell\/Categoria<\/strong><\/td>\n<td width=\"257\"><strong>NOM \/ OBRA<\/strong><\/td>\n<\/tr>\n<tr>\n<td width=\"100\">Poesia<\/td>\n<td width=\"111\">1r i 2n ESO<\/td>\n<td width=\"257\">BERTA MONSERD\u00c0 \u2013 <a href=\"https:\/\/www.revista-insaiguaviva.org\/curs2018-2019\/esa-chica-atrevida-berta-monserda\/\" target=\"_blank\" rel=\"noopener\"><em>Esa chica atrevida<\/em><\/a><\/td>\n<\/tr>\n<tr>\n<td width=\"100\">Poesia<\/td>\n<td width=\"111\">3r i 4t ESO<\/td>\n<td width=\"257\">MERELYN ABREU \u2013 <a href=\"https:\/\/www.revista-insaiguaviva.org\/curs2018-2019\/la-ironia-de-la-soledad\/\" target=\"_blank\" rel=\"noopener\"><em>La iron\u00eda de la soledad<\/em><\/a><\/td>\n<\/tr>\n<tr>\n<td width=\"100\">Poesia<\/td>\n<td width=\"111\">1r i 2n BTX<\/td>\n<td width=\"257\">Desert<\/td>\n<\/tr>\n<tr>\n<td width=\"100\">Prosa<\/td>\n<td width=\"111\">1r i 2n ESO<\/td>\n<td width=\"257\">\u00c8LIA OLIVA S\u00c1NCHEZ \u2013 <em>Mi monstruo<\/em><\/td>\n<\/tr>\n<tr>\n<td width=\"100\">Prosa<\/td>\n<td width=\"111\">3r i 4t ESO<\/td>\n<td width=\"257\">ADRIANA UNTILA \u2013 <a href=\"https:\/\/www.revista-insaiguaviva.org\/curs2018-2019\/canicas\/\" target=\"_blank\" rel=\"noopener\"><em>Canicas<\/em><\/a><\/td>\n<\/tr>\n<tr>\n<td width=\"100\">Prosa<\/td>\n<td width=\"111\">1r i 2n BTX<\/td>\n<td width=\"257\">LAURA ARASIL \u2013 <em>Destino <\/em><\/td>\n<\/tr>\n<\/tbody>\n<\/table>\n<p>&nbsp;<\/p>\n<table>\n<tbody>\n<tr>\n<td colspan=\"3\" width=\"466\"><strong>LLENGUA CATALANA\u00a0\u00a0\u00a0\u00a0\u00a0\u00a0\u00a0\u00a0\u00a0\u00a0\u00a0\u00a0\u00a0\u00a0\u00a0\u00a0 \u00a0\u00a0 \u00a0\u00a0\u00a0\u00a0\u00a0\u00a0\u00a0\u00a0\u00a0\u00a0\u00a0\u00a0\u00a0\u00a0\u00a0\u00a0\u00a0\u00a0\u00a0\u00a0\u00a0\u00a0\u00a0\u00a0\u00a0\u00a0\u00a0\u00a0\u00a0\u00a0\u00a0\u00a0\u00a0\u00a0\u00a0\u00a0\u00a0\u00a0\u00a0\u00a0\u00a0\u00a0\u00a0\u00a0\u00a0\u00a0\u00a0\u00a0\u00a0\u00a0\u00a0\u00a0\u00a0\u00a0\u00a0\u00a0\u00a0\u00a0\u00a0\u00a0\u00a0\u00a0\u00a0\u00a0\u00a0\u00a0\u00a0\u00a0\u00a0\u00a0\u00a0\u00a0 <\/strong><\/td>\n<\/tr>\n<tr>\n<td width=\"100\"><strong>Modalitat<\/strong><\/td>\n<td width=\"106\"><strong>Nivell\/Categoria<\/strong><\/td>\n<td width=\"260\"><strong>NOM \/ OBRA<\/strong><\/td>\n<\/tr>\n<tr>\n<td width=\"100\">Poesia<\/td>\n<td width=\"106\">1r i 2n ESO<\/td>\n<td width=\"260\">Desert<\/td>\n<\/tr>\n<tr>\n<td width=\"100\">Poesia<\/td>\n<td width=\"106\">3r i 4t ESO<\/td>\n<td width=\"260\">T\u00c0NIA PALMA &#8211; <em>Temps<\/em><\/td>\n<\/tr>\n<tr>\n<td width=\"100\">Poesia<\/td>\n<td width=\"106\">1r i 2n BTX<\/td>\n<td width=\"260\">Desert<\/td>\n<\/tr>\n<tr>\n<td width=\"100\">Prosa<\/td>\n<td width=\"106\">1r i 2n ESO<\/td>\n<td width=\"260\">&nbsp;<\/p>\n<p>BERTA MONSERD\u00c0 \u2013 <em>El bucle<\/em><\/p>\n<p><strong>ACC\u00c8SSIT:<\/strong> JUDITH CALDUCH &#8211; <em>Sola<\/em><\/td>\n<\/tr>\n<tr>\n<td width=\"100\">Prosa<\/td>\n<td width=\"106\">3r i 4t ESO<\/td>\n<td width=\"260\">&nbsp;<\/p>\n<p>ANDREA GONZ\u00c1LEZ \u2013 <em>Qui era l\u2019Adam Rusell?<\/em><\/p>\n<p><strong>ACC\u00c8SSIT:<\/strong> LAIA G\u00d3MEZ \u2013<em> La llegenda l\u2019Elisabeth Evans<\/em><\/td>\n<\/tr>\n<tr>\n<td width=\"100\">Prosa<\/td>\n<td width=\"106\">1r i 2n BTX<\/td>\n<td width=\"260\">Desert<\/td>\n<\/tr>\n<\/tbody>\n<\/table>\n","protected":false},"excerpt":{"rendered":"<p>Avui, 23 d&#8217;abril, s&#8217;ha realitzat l&#8217;acte de lliurament de premis dels diferents concursos de Sant Jordi: literaris, art\u00edstic i de realitzaci\u00f3 de v\u00eddeo. L&#8217;acte ha estat presentat per la N\u00faria P\u00e9rez i l&#8217;Ona Tres, amb l&#8217;ajuda t\u00e8cnica del Gorka Adan, tots tres de tercer curs d&#8217;ESO. Cal destacar l&#8217;actuaci\u00f3 de la Isabel Maria Cano que &hellip; <\/p>\n<p class=\"link-more\"><a href=\"https:\/\/www.revista-insaiguaviva.org\/curs2018-2019\/2019\/04\/23\/sant-jordi-2019\/\" class=\"more-link\">Continua llegint <span class=\"screen-reader-text\">\u00abSant Jordi 2019\u00bb<\/span><\/a><\/p>\n","protected":false},"author":2,"featured_media":0,"comment_status":"open","ping_status":"open","sticky":false,"template":"","format":"standard","meta":{"footnotes":""},"categories":[101],"tags":[],"class_list":["post-756","post","type-post","status-publish","format-standard","hentry","category-sant-jordi-2019"],"_links":{"self":[{"href":"https:\/\/www.revista-insaiguaviva.org\/curs2018-2019\/wp-json\/wp\/v2\/posts\/756","targetHints":{"allow":["GET"]}}],"collection":[{"href":"https:\/\/www.revista-insaiguaviva.org\/curs2018-2019\/wp-json\/wp\/v2\/posts"}],"about":[{"href":"https:\/\/www.revista-insaiguaviva.org\/curs2018-2019\/wp-json\/wp\/v2\/types\/post"}],"author":[{"embeddable":true,"href":"https:\/\/www.revista-insaiguaviva.org\/curs2018-2019\/wp-json\/wp\/v2\/users\/2"}],"replies":[{"embeddable":true,"href":"https:\/\/www.revista-insaiguaviva.org\/curs2018-2019\/wp-json\/wp\/v2\/comments?post=756"}],"version-history":[{"count":14,"href":"https:\/\/www.revista-insaiguaviva.org\/curs2018-2019\/wp-json\/wp\/v2\/posts\/756\/revisions"}],"predecessor-version":[{"id":994,"href":"https:\/\/www.revista-insaiguaviva.org\/curs2018-2019\/wp-json\/wp\/v2\/posts\/756\/revisions\/994"}],"wp:attachment":[{"href":"https:\/\/www.revista-insaiguaviva.org\/curs2018-2019\/wp-json\/wp\/v2\/media?parent=756"}],"wp:term":[{"taxonomy":"category","embeddable":true,"href":"https:\/\/www.revista-insaiguaviva.org\/curs2018-2019\/wp-json\/wp\/v2\/categories?post=756"},{"taxonomy":"post_tag","embeddable":true,"href":"https:\/\/www.revista-insaiguaviva.org\/curs2018-2019\/wp-json\/wp\/v2\/tags?post=756"}],"curies":[{"name":"wp","href":"https:\/\/api.w.org\/{rel}","templated":true}]}}