{"id":779,"date":"2019-04-26T18:39:29","date_gmt":"2019-04-26T16:39:29","guid":{"rendered":"https:\/\/www.revista-insaiguaviva.org\/curs2018-2019\/?p=779"},"modified":"2019-04-26T19:40:52","modified_gmt":"2019-04-26T17:40:52","slug":"material-lets-clean-up-europe","status":"publish","type":"post","link":"https:\/\/www.revista-insaiguaviva.org\/curs2018-2019\/2019\/04\/26\/material-lets-clean-up-europe\/","title":{"rendered":"Material LET&#8217;S CLEAN UP EUROPE!"},"content":{"rendered":"<p>L&#8217;Ag\u00e8ncia Catalana de Residus, en coordinaci\u00f3 amb el projecte europeu LET&#8217;S CLEAN UP EUROPE! ens ha fet arribar aquest material per la darrera acci\u00f3 de neteja que duran a terme els alumnes del Servei Comunitari a Gallecs, al mes de maig.<\/p>\n<p><img loading=\"lazy\" decoding=\"async\" class=\"alignnone wp-image-780 size-large\" src=\"https:\/\/www.revista-insaiguaviva.org\/curs2018-2019\/wp-content\/uploads\/2019\/04\/IMG-20190426-WA0000-1024x576.jpg\" alt=\"\" width=\"525\" height=\"295\" srcset=\"https:\/\/www.revista-insaiguaviva.org\/curs2018-2019\/wp-content\/uploads\/2019\/04\/IMG-20190426-WA0000-1024x576.jpg 1024w, https:\/\/www.revista-insaiguaviva.org\/curs2018-2019\/wp-content\/uploads\/2019\/04\/IMG-20190426-WA0000-300x169.jpg 300w, https:\/\/www.revista-insaiguaviva.org\/curs2018-2019\/wp-content\/uploads\/2019\/04\/IMG-20190426-WA0000-768x432.jpg 768w, https:\/\/www.revista-insaiguaviva.org\/curs2018-2019\/wp-content\/uploads\/2019\/04\/IMG-20190426-WA0000.jpg 1599w\" sizes=\"auto, (max-width: 525px) 100vw, 525px\" \/> <img loading=\"lazy\" decoding=\"async\" class=\"alignnone wp-image-781 size-large\" src=\"https:\/\/www.revista-insaiguaviva.org\/curs2018-2019\/wp-content\/uploads\/2019\/04\/IMG-20190426-WA0001-1024x576.jpg\" alt=\"\" width=\"525\" height=\"295\" srcset=\"https:\/\/www.revista-insaiguaviva.org\/curs2018-2019\/wp-content\/uploads\/2019\/04\/IMG-20190426-WA0001-1024x576.jpg 1024w, https:\/\/www.revista-insaiguaviva.org\/curs2018-2019\/wp-content\/uploads\/2019\/04\/IMG-20190426-WA0001-300x169.jpg 300w, https:\/\/www.revista-insaiguaviva.org\/curs2018-2019\/wp-content\/uploads\/2019\/04\/IMG-20190426-WA0001-768x432.jpg 768w, https:\/\/www.revista-insaiguaviva.org\/curs2018-2019\/wp-content\/uploads\/2019\/04\/IMG-20190426-WA0001.jpg 1599w\" sizes=\"auto, (max-width: 525px) 100vw, 525px\" \/> <img loading=\"lazy\" decoding=\"async\" class=\"alignnone wp-image-782 size-large\" src=\"https:\/\/www.revista-insaiguaviva.org\/curs2018-2019\/wp-content\/uploads\/2019\/04\/IMG-20190426-WA0002-576x1024.jpg\" alt=\"\" width=\"525\" height=\"933\" srcset=\"https:\/\/www.revista-insaiguaviva.org\/curs2018-2019\/wp-content\/uploads\/2019\/04\/IMG-20190426-WA0002-576x1024.jpg 576w, https:\/\/www.revista-insaiguaviva.org\/curs2018-2019\/wp-content\/uploads\/2019\/04\/IMG-20190426-WA0002-169x300.jpg 169w, https:\/\/www.revista-insaiguaviva.org\/curs2018-2019\/wp-content\/uploads\/2019\/04\/IMG-20190426-WA0002-768x1366.jpg 768w, https:\/\/www.revista-insaiguaviva.org\/curs2018-2019\/wp-content\/uploads\/2019\/04\/IMG-20190426-WA0002.jpg 899w\" sizes=\"auto, (max-width: 525px) 100vw, 525px\" \/><\/p>\n<p>Aquest material es quedar\u00e0 al centre, incorporat a la dotaci\u00f3 del projecte Hort\u00a0\u00a0<span style=\"font-size: 1rem;\">i Jard\u00ed de l&#8217;Institut Aiguaviva.\u00a0<\/span><\/p>\n","protected":false},"excerpt":{"rendered":"<p>L&#8217;Ag\u00e8ncia Catalana de Residus, en coordinaci\u00f3 amb el projecte europeu LET&#8217;S CLEAN UP EUROPE! ens ha fet arribar aquest material per la darrera acci\u00f3 de neteja que duran a terme els alumnes del Servei Comunitari a Gallecs, al mes de maig. Aquest material es quedar\u00e0 al centre, incorporat a la dotaci\u00f3 del projecte Hort\u00a0\u00a0i Jard\u00ed &hellip; <\/p>\n<p class=\"link-more\"><a href=\"https:\/\/www.revista-insaiguaviva.org\/curs2018-2019\/2019\/04\/26\/material-lets-clean-up-europe\/\" class=\"more-link\">Continua llegint <span class=\"screen-reader-text\">\u00abMaterial LET&#8217;S CLEAN UP EUROPE!\u00bb<\/span><\/a><\/p>\n","protected":false},"author":2,"featured_media":0,"comment_status":"open","ping_status":"open","sticky":false,"template":"","format":"standard","meta":{"footnotes":""},"categories":[99],"tags":[],"class_list":["post-779","post","type-post","status-publish","format-standard","hentry","category-european-clean-up-day"],"_links":{"self":[{"href":"https:\/\/www.revista-insaiguaviva.org\/curs2018-2019\/wp-json\/wp\/v2\/posts\/779","targetHints":{"allow":["GET"]}}],"collection":[{"href":"https:\/\/www.revista-insaiguaviva.org\/curs2018-2019\/wp-json\/wp\/v2\/posts"}],"about":[{"href":"https:\/\/www.revista-insaiguaviva.org\/curs2018-2019\/wp-json\/wp\/v2\/types\/post"}],"author":[{"embeddable":true,"href":"https:\/\/www.revista-insaiguaviva.org\/curs2018-2019\/wp-json\/wp\/v2\/users\/2"}],"replies":[{"embeddable":true,"href":"https:\/\/www.revista-insaiguaviva.org\/curs2018-2019\/wp-json\/wp\/v2\/comments?post=779"}],"version-history":[{"count":3,"href":"https:\/\/www.revista-insaiguaviva.org\/curs2018-2019\/wp-json\/wp\/v2\/posts\/779\/revisions"}],"predecessor-version":[{"id":785,"href":"https:\/\/www.revista-insaiguaviva.org\/curs2018-2019\/wp-json\/wp\/v2\/posts\/779\/revisions\/785"}],"wp:attachment":[{"href":"https:\/\/www.revista-insaiguaviva.org\/curs2018-2019\/wp-json\/wp\/v2\/media?parent=779"}],"wp:term":[{"taxonomy":"category","embeddable":true,"href":"https:\/\/www.revista-insaiguaviva.org\/curs2018-2019\/wp-json\/wp\/v2\/categories?post=779"},{"taxonomy":"post_tag","embeddable":true,"href":"https:\/\/www.revista-insaiguaviva.org\/curs2018-2019\/wp-json\/wp\/v2\/tags?post=779"}],"curies":[{"name":"wp","href":"https:\/\/api.w.org\/{rel}","templated":true}]}}