{"id":861,"date":"2019-05-05T19:34:06","date_gmt":"2019-05-05T17:34:06","guid":{"rendered":"https:\/\/www.revista-insaiguaviva.org\/curs2018-2019\/?p=861"},"modified":"2019-05-06T22:19:30","modified_gmt":"2019-05-06T20:19:30","slug":"viii-jornada-de-mediacio-escolar","status":"publish","type":"post","link":"https:\/\/www.revista-insaiguaviva.org\/curs2018-2019\/2019\/05\/05\/viii-jornada-de-mediacio-escolar\/","title":{"rendered":"VIII Jornada de Mediaci\u00f3 Escolar"},"content":{"rendered":"<p>El passat divendres, 3 de maig, es va celebrar al nostre centre la vuitena Jornada de Mediaci\u00f3 Escolar amb l&#8217;assist\u00e8ncia d&#8217;alumnes de tots els centres de Mollet del Vall\u00e8s que s&#8217;estan formant com a mediadors.<\/p>\n<p>La jornada va estar inaugurada pel regidor d&#8217;educaci\u00f3 Ra\u00fcl Broto, i va comptar amb la intervenci\u00f3 de Lourdes Gil, directora adjunta dels Serveis Territorials d&#8217;Ensenyament del Maresme-Vall\u00e8s Oriental.<\/p>\n<p>La jornada va comptar tamb\u00e9 amb una pon\u00e8ncia sobre els rumors a c\u00e0rrec del s\u00edndic personer, Llu\u00eds Mart\u00ednez Camps.<\/p>\n<div id=\"embed-alacarta-26523\"><\/div>\n<p><script src=\"https:\/\/www.alacarta.cat\/js\/embed.js\" data-container=\"embed-alacarta-26523\" data-src=\"5ccc3cdebf754616e417fc30\"><\/script><\/p>\n<p>Podeu veure algunes fotografies clicant <a href=\"https:\/\/photos.app.goo.gl\/8dsKwqRj6LbH3bEu5\" target=\"_blank\" rel=\"noopener\">aqu\u00ed.<\/a><\/p>\n","protected":false},"excerpt":{"rendered":"<p>El passat divendres, 3 de maig, es va celebrar al nostre centre la vuitena Jornada de Mediaci\u00f3 Escolar amb l&#8217;assist\u00e8ncia d&#8217;alumnes de tots els centres de Mollet del Vall\u00e8s que s&#8217;estan formant com a mediadors. La jornada va estar inaugurada pel regidor d&#8217;educaci\u00f3 Ra\u00fcl Broto, i va comptar amb la intervenci\u00f3 de Lourdes Gil, directora &hellip; <\/p>\n<p class=\"link-more\"><a href=\"https:\/\/www.revista-insaiguaviva.org\/curs2018-2019\/2019\/05\/05\/viii-jornada-de-mediacio-escolar\/\" class=\"more-link\">Continua llegint <span class=\"screen-reader-text\">\u00abVIII Jornada de Mediaci\u00f3 Escolar\u00bb<\/span><\/a><\/p>\n","protected":false},"author":2,"featured_media":0,"comment_status":"open","ping_status":"open","sticky":false,"template":"","format":"standard","meta":{"footnotes":""},"categories":[109,1],"tags":[],"class_list":["post-861","post","type-post","status-publish","format-standard","hentry","category-8a-jornada-de-mediacio-escolar","category-general"],"_links":{"self":[{"href":"https:\/\/www.revista-insaiguaviva.org\/curs2018-2019\/wp-json\/wp\/v2\/posts\/861","targetHints":{"allow":["GET"]}}],"collection":[{"href":"https:\/\/www.revista-insaiguaviva.org\/curs2018-2019\/wp-json\/wp\/v2\/posts"}],"about":[{"href":"https:\/\/www.revista-insaiguaviva.org\/curs2018-2019\/wp-json\/wp\/v2\/types\/post"}],"author":[{"embeddable":true,"href":"https:\/\/www.revista-insaiguaviva.org\/curs2018-2019\/wp-json\/wp\/v2\/users\/2"}],"replies":[{"embeddable":true,"href":"https:\/\/www.revista-insaiguaviva.org\/curs2018-2019\/wp-json\/wp\/v2\/comments?post=861"}],"version-history":[{"count":5,"href":"https:\/\/www.revista-insaiguaviva.org\/curs2018-2019\/wp-json\/wp\/v2\/posts\/861\/revisions"}],"predecessor-version":[{"id":875,"href":"https:\/\/www.revista-insaiguaviva.org\/curs2018-2019\/wp-json\/wp\/v2\/posts\/861\/revisions\/875"}],"wp:attachment":[{"href":"https:\/\/www.revista-insaiguaviva.org\/curs2018-2019\/wp-json\/wp\/v2\/media?parent=861"}],"wp:term":[{"taxonomy":"category","embeddable":true,"href":"https:\/\/www.revista-insaiguaviva.org\/curs2018-2019\/wp-json\/wp\/v2\/categories?post=861"},{"taxonomy":"post_tag","embeddable":true,"href":"https:\/\/www.revista-insaiguaviva.org\/curs2018-2019\/wp-json\/wp\/v2\/tags?post=861"}],"curies":[{"name":"wp","href":"https:\/\/api.w.org\/{rel}","templated":true}]}}