{"id":896,"date":"2019-05-13T21:56:58","date_gmt":"2019-05-13T19:56:58","guid":{"rendered":"https:\/\/www.revista-insaiguaviva.org\/curs2018-2019\/?p=896"},"modified":"2019-05-13T22:10:07","modified_gmt":"2019-05-13T20:10:07","slug":"visita-al-museu-abello-dels-alumnes-de-historia-de-lart","status":"publish","type":"post","link":"https:\/\/www.revista-insaiguaviva.org\/curs2018-2019\/2019\/05\/13\/visita-al-museu-abello-dels-alumnes-de-historia-de-lart\/","title":{"rendered":"Visita al Museu Abell\u00f3 dels alumnes de Hist\u00f2ria de l&#8217;Art"},"content":{"rendered":"<p>El 25 d&#8217;abril els alumnes que cursen la mat\u00e8ria d\u00b4Hist\u00f2ria de l\u00b4Art de 2n de Batxillerat van visitar el Museu Abell\u00f3 i la Casa del Pintor.<\/p>\n<p>Els alumnes van gaudir d\u00b4una visita guiada a trav\u00e9s dels objectes de la col\u00b7lecci\u00f3 per con\u00e8ixer les principals\u00a0<strong>caracter\u00edstiques del modernisme catal\u00e0:<\/strong>\u00a0Casas, Joaquim Mir, etc.<\/p>\n<p>A la col.lecci\u00f3 temporal\u00a0<em>De Par\u00eds a Nova York<\/em>\u00a0van poder veure \u201c in situ \u201c continguts de les segones avantguardes fets a l\u00b4aula. Gravats i obra gr\u00e0fica dels grans artistes del moment. Eclosi\u00f3 i evoluci\u00f3 de l\u2019art i els canvis de capitalitat del m\u00f3n i del mercat de l\u2019art: Andy Warhol, Leandre Cristofol, Roy Lichtenstein, T\u00e0pies, etc.<\/p>\n<p><img loading=\"lazy\" decoding=\"async\" class=\"alignnone wp-image-900 size-large\" src=\"https:\/\/www.revista-insaiguaviva.org\/curs2018-2019\/wp-content\/uploads\/2019\/05\/IMG-20190426-WA0008-1024x768.jpg\" alt=\"\" width=\"525\" height=\"394\" srcset=\"https:\/\/www.revista-insaiguaviva.org\/curs2018-2019\/wp-content\/uploads\/2019\/05\/IMG-20190426-WA0008.jpg 1024w, https:\/\/www.revista-insaiguaviva.org\/curs2018-2019\/wp-content\/uploads\/2019\/05\/IMG-20190426-WA0008-300x225.jpg 300w, https:\/\/www.revista-insaiguaviva.org\/curs2018-2019\/wp-content\/uploads\/2019\/05\/IMG-20190426-WA0008-768x576.jpg 768w\" sizes=\"auto, (max-width: 525px) 100vw, 525px\" \/> <img loading=\"lazy\" decoding=\"async\" class=\"alignnone wp-image-901 size-large\" src=\"https:\/\/www.revista-insaiguaviva.org\/curs2018-2019\/wp-content\/uploads\/2019\/05\/IMG-20190425-WA0002-1024x768.jpg\" alt=\"\" width=\"525\" height=\"394\" srcset=\"https:\/\/www.revista-insaiguaviva.org\/curs2018-2019\/wp-content\/uploads\/2019\/05\/IMG-20190425-WA0002.jpg 1024w, https:\/\/www.revista-insaiguaviva.org\/curs2018-2019\/wp-content\/uploads\/2019\/05\/IMG-20190425-WA0002-300x225.jpg 300w, https:\/\/www.revista-insaiguaviva.org\/curs2018-2019\/wp-content\/uploads\/2019\/05\/IMG-20190425-WA0002-768x576.jpg 768w\" sizes=\"auto, (max-width: 525px) 100vw, 525px\" \/><\/p>\n","protected":false},"excerpt":{"rendered":"<p>El 25 d&#8217;abril els alumnes que cursen la mat\u00e8ria d\u00b4Hist\u00f2ria de l\u00b4Art de 2n de Batxillerat van visitar el Museu Abell\u00f3 i la Casa del Pintor. Els alumnes van gaudir d\u00b4una visita guiada a trav\u00e9s dels objectes de la col\u00b7lecci\u00f3 per con\u00e8ixer les principals\u00a0caracter\u00edstiques del modernisme catal\u00e0:\u00a0Casas, Joaquim Mir, etc. A la col.lecci\u00f3 temporal\u00a0De Par\u00eds &hellip; <\/p>\n<p class=\"link-more\"><a href=\"https:\/\/www.revista-insaiguaviva.org\/curs2018-2019\/2019\/05\/13\/visita-al-museu-abello-dels-alumnes-de-historia-de-lart\/\" class=\"more-link\">Continua llegint <span class=\"screen-reader-text\">\u00abVisita al Museu Abell\u00f3 dels alumnes de Hist\u00f2ria de l&#8217;Art\u00bb<\/span><\/a><\/p>\n","protected":false},"author":2,"featured_media":0,"comment_status":"open","ping_status":"open","sticky":false,"template":"","format":"standard","meta":{"footnotes":""},"categories":[113,31],"tags":[],"class_list":["post-896","post","type-post","status-publish","format-standard","hentry","category-museu-abello-2-btx","category-sortides"],"_links":{"self":[{"href":"https:\/\/www.revista-insaiguaviva.org\/curs2018-2019\/wp-json\/wp\/v2\/posts\/896","targetHints":{"allow":["GET"]}}],"collection":[{"href":"https:\/\/www.revista-insaiguaviva.org\/curs2018-2019\/wp-json\/wp\/v2\/posts"}],"about":[{"href":"https:\/\/www.revista-insaiguaviva.org\/curs2018-2019\/wp-json\/wp\/v2\/types\/post"}],"author":[{"embeddable":true,"href":"https:\/\/www.revista-insaiguaviva.org\/curs2018-2019\/wp-json\/wp\/v2\/users\/2"}],"replies":[{"embeddable":true,"href":"https:\/\/www.revista-insaiguaviva.org\/curs2018-2019\/wp-json\/wp\/v2\/comments?post=896"}],"version-history":[{"count":4,"href":"https:\/\/www.revista-insaiguaviva.org\/curs2018-2019\/wp-json\/wp\/v2\/posts\/896\/revisions"}],"predecessor-version":[{"id":904,"href":"https:\/\/www.revista-insaiguaviva.org\/curs2018-2019\/wp-json\/wp\/v2\/posts\/896\/revisions\/904"}],"wp:attachment":[{"href":"https:\/\/www.revista-insaiguaviva.org\/curs2018-2019\/wp-json\/wp\/v2\/media?parent=896"}],"wp:term":[{"taxonomy":"category","embeddable":true,"href":"https:\/\/www.revista-insaiguaviva.org\/curs2018-2019\/wp-json\/wp\/v2\/categories?post=896"},{"taxonomy":"post_tag","embeddable":true,"href":"https:\/\/www.revista-insaiguaviva.org\/curs2018-2019\/wp-json\/wp\/v2\/tags?post=896"}],"curies":[{"name":"wp","href":"https:\/\/api.w.org\/{rel}","templated":true}]}}