{"id":908,"date":"2019-05-13T22:16:55","date_gmt":"2019-05-13T20:16:55","guid":{"rendered":"https:\/\/www.revista-insaiguaviva.org\/curs2018-2019\/?p=908"},"modified":"2019-05-13T22:16:55","modified_gmt":"2019-05-13T20:16:55","slug":"xerrada-de-gracia-pedrosa-arxiu-municipal-de-martorelles-i-de-roger-heredia-banc-dadn","status":"publish","type":"post","link":"https:\/\/www.revista-insaiguaviva.org\/curs2018-2019\/2019\/05\/13\/xerrada-de-gracia-pedrosa-arxiu-municipal-de-martorelles-i-de-roger-heredia-banc-dadn\/","title":{"rendered":"Xerrada de Gr\u00e0cia Pedrosa -arxiu municipal de Martorelles- i de Roger Her\u00e8dia -Banc d&#8217;ADN-."},"content":{"rendered":"<p>Els\u00a0alumnes\u00a0de\u00a04t\u00a0i 1r de Batxillerat van participar el pasat 2 de maig d\u00b4una activitat per tractar el proc\u00e9s de recerca en un arxiu. En concret han conegut de la m\u00e0 de la Gr\u00e0cia\u00a0Pedrosa\u00a0, responsable de l\u00b4arxiu municipal de Martorelles, alguns exemples de la documentaci\u00f3 que es pot trobar a un arxiu i, m\u00e9s en concret, sobre l\u00b4etapa de la Guerra Civil. Han rebut informaci\u00f3 de com es fa la recerca en un arxiu de cara a poder utilitzar-ho als seus PR i TR. La Gr\u00e0cia va llegir fragments de diverses cartes de l\u00b4\u00e8poca, va explicar alguns dels sumar\u00edssims sobre gent del poble i va encoratjar-los a descobrir tot el que hi ha en un arxiu.<\/p>\n<p>En Roger Her\u00e8dia, un dels impulsors del banc d\u00b4ADN dels desapareguts a la Guerra Civil, va parlar sobre les accions que s\u00b4estan realitzant per identificar els desapareguts d\u00b4aquell conflicte i va explicar la import\u00e0ncia recopilar l&#8217;ADN dels familiars directes perqu\u00e8 &#8220;malauradament, passats tants anys, \u00e9s l&#8217;\u00fanica forma de poder identificar els desapareguts&#8221;. A partir de la seva experi\u00e8ncia personal i del seu inter\u00e8s per trobar el seu padr\u00ed Jaume, ens va presentar el documental\u00a0\u00a0<em>Entre P\u00e0ndols i Cavalls<\/em>. Aquest documental, que\u00a0parla\u00a0sobre el projecte del Banc d\u2019ADN per cercar als familiars desapareguts durant la Guerra Civil i el franquisme,\u00a0ja ha estat exhibit en diverses mostres i jornades culturals i ha obtingut molt bones cr\u00edtiques.<\/p>\n<p>Seguidament es va projectar la\u00a0<em>pel.l\u00edcula \u00a0L\u00b4Ebre el Bresol de la batalla\u00a0,\u00a0<\/em>premi Gaud\u00ed 2016 .<\/p>\n","protected":false},"excerpt":{"rendered":"<p>Els\u00a0alumnes\u00a0de\u00a04t\u00a0i 1r de Batxillerat van participar el pasat 2 de maig d\u00b4una activitat per tractar el proc\u00e9s de recerca en un arxiu. En concret han conegut de la m\u00e0 de la Gr\u00e0cia\u00a0Pedrosa\u00a0, responsable de l\u00b4arxiu municipal de Martorelles, alguns exemples de la documentaci\u00f3 que es pot trobar a un arxiu i, m\u00e9s en concret, sobre &hellip; <\/p>\n<p class=\"link-more\"><a href=\"https:\/\/www.revista-insaiguaviva.org\/curs2018-2019\/2019\/05\/13\/xerrada-de-gracia-pedrosa-arxiu-municipal-de-martorelles-i-de-roger-heredia-banc-dadn\/\" class=\"more-link\">Continua llegint <span class=\"screen-reader-text\">\u00abXerrada de Gr\u00e0cia Pedrosa -arxiu municipal de Martorelles- i de Roger Her\u00e8dia -Banc d&#8217;ADN-.\u00bb<\/span><\/a><\/p>\n","protected":false},"author":2,"featured_media":0,"comment_status":"open","ping_status":"open","sticky":false,"template":"","format":"standard","meta":{"footnotes":""},"categories":[114],"tags":[],"class_list":["post-908","post","type-post","status-publish","format-standard","hentry","category-xerrada-arxiu-municipal-de-martorelles-i-roger-heredia"],"_links":{"self":[{"href":"https:\/\/www.revista-insaiguaviva.org\/curs2018-2019\/wp-json\/wp\/v2\/posts\/908","targetHints":{"allow":["GET"]}}],"collection":[{"href":"https:\/\/www.revista-insaiguaviva.org\/curs2018-2019\/wp-json\/wp\/v2\/posts"}],"about":[{"href":"https:\/\/www.revista-insaiguaviva.org\/curs2018-2019\/wp-json\/wp\/v2\/types\/post"}],"author":[{"embeddable":true,"href":"https:\/\/www.revista-insaiguaviva.org\/curs2018-2019\/wp-json\/wp\/v2\/users\/2"}],"replies":[{"embeddable":true,"href":"https:\/\/www.revista-insaiguaviva.org\/curs2018-2019\/wp-json\/wp\/v2\/comments?post=908"}],"version-history":[{"count":1,"href":"https:\/\/www.revista-insaiguaviva.org\/curs2018-2019\/wp-json\/wp\/v2\/posts\/908\/revisions"}],"predecessor-version":[{"id":909,"href":"https:\/\/www.revista-insaiguaviva.org\/curs2018-2019\/wp-json\/wp\/v2\/posts\/908\/revisions\/909"}],"wp:attachment":[{"href":"https:\/\/www.revista-insaiguaviva.org\/curs2018-2019\/wp-json\/wp\/v2\/media?parent=908"}],"wp:term":[{"taxonomy":"category","embeddable":true,"href":"https:\/\/www.revista-insaiguaviva.org\/curs2018-2019\/wp-json\/wp\/v2\/categories?post=908"},{"taxonomy":"post_tag","embeddable":true,"href":"https:\/\/www.revista-insaiguaviva.org\/curs2018-2019\/wp-json\/wp\/v2\/tags?post=908"}],"curies":[{"name":"wp","href":"https:\/\/api.w.org\/{rel}","templated":true}]}}