{"id":921,"date":"2019-05-13T22:41:24","date_gmt":"2019-05-13T20:41:24","guid":{"rendered":"https:\/\/www.revista-insaiguaviva.org\/curs2018-2019\/?p=921"},"modified":"2019-05-14T09:30:29","modified_gmt":"2019-05-14T07:30:29","slug":"acte-de-cloenda-del-servei-comunitari-abans-que-se-moblidi","status":"publish","type":"post","link":"https:\/\/www.revista-insaiguaviva.org\/curs2018-2019\/2019\/05\/13\/acte-de-cloenda-del-servei-comunitari-abans-que-se-moblidi\/","title":{"rendered":"Acte de cloenda del Servei Comunitari Abans que se m&#8217;oblidi"},"content":{"rendered":"<p>EL 9 de maig va tenir lloc la cloenda del Servei Comunitari Abans que m\u00b4oblidi de la promoci\u00f3 2018-2019. Els alumnes de 3r i 4t que han realitzat el projecte enguany van fer entrega als\u00a0\u201cseus\u201c avis i \u00e0vies d\u00b4un llapis de mem\u00f2ria amb el v\u00eddeo on es recollien les diferents entrevistes i els seus testimonis. A l\u00b4acte vam comptar amb la pres\u00e8ncia de l\u00b4Anna Ma. D\u00edaz, quarta tinenta d&#8217;Alcaldia i regidora, entre d\u00b4altres, de Gent Gran. El nostre agra\u00efment\u00a0<span style=\"font-size: 1rem;\">a la Yolanda Fr\u00edas i a la Laura Menacho per coordinar amb l\u00b4Institut la gesti\u00f3 del projecte.<\/span><\/p>\n<p>Es van viure moments molt emotius mentre es visionava el v\u00eddeo general del projecte i els diferents v\u00eddeos fets pels alumnes. Per acabar d\u00b4endolcir el mat\u00ed \u00e0vis, \u00e0vies i alumnes van gaudir d\u00b4un esmorzar plegats.<\/p>\n<p><img loading=\"lazy\" decoding=\"async\" class=\"alignnone wp-image-922 size-large\" src=\"https:\/\/www.revista-insaiguaviva.org\/curs2018-2019\/wp-content\/uploads\/2019\/05\/IMG_20190509_122939_561-1024x768.jpg\" alt=\"\" width=\"525\" height=\"394\" srcset=\"https:\/\/www.revista-insaiguaviva.org\/curs2018-2019\/wp-content\/uploads\/2019\/05\/IMG_20190509_122939_561-1024x768.jpg 1024w, https:\/\/www.revista-insaiguaviva.org\/curs2018-2019\/wp-content\/uploads\/2019\/05\/IMG_20190509_122939_561-300x225.jpg 300w, https:\/\/www.revista-insaiguaviva.org\/curs2018-2019\/wp-content\/uploads\/2019\/05\/IMG_20190509_122939_561-768x576.jpg 768w\" sizes=\"auto, (max-width: 525px) 100vw, 525px\" \/><\/p>\n<p>Aquest projecte intergeneracional ha servit perqu\u00e8 els joves aprenguin la hist\u00f2ria del seu poble a trav\u00e9s dels ulls de la <em>Gent Gran <\/em> i per crear una amistat que anir\u00e0 m\u00e9s enll\u00e0 de les hores del projecte.<\/p>\n<p><iframe loading=\"lazy\" width=\"420\" height=\"300\" src=\"https:\/\/www.youtube.com\/embed\/QinQV3gN4mI\" frameborder=\"0\" allow=\"accelerometer; autoplay; encrypted-media; gyroscope; picture-in-picture\" allowfullscreen><\/iframe><\/p>\n<p>Podeu veure m\u00e9s fotografies clicant <a href=\"https:\/\/photos.app.goo.gl\/jP6QBEnk6RsfKnRW8\" target=\"_blank\" rel=\"noopener\">aqu\u00ed.\u00a0<\/a><\/p>\n<p>&nbsp;<\/p>\n","protected":false},"excerpt":{"rendered":"<p>EL 9 de maig va tenir lloc la cloenda del Servei Comunitari Abans que m\u00b4oblidi de la promoci\u00f3 2018-2019. Els alumnes de 3r i 4t que han realitzat el projecte enguany van fer entrega als\u00a0\u201cseus\u201c avis i \u00e0vies d\u00b4un llapis de mem\u00f2ria amb el v\u00eddeo on es recollien les diferents entrevistes i els seus testimonis. &hellip; <\/p>\n<p class=\"link-more\"><a href=\"https:\/\/www.revista-insaiguaviva.org\/curs2018-2019\/2019\/05\/13\/acte-de-cloenda-del-servei-comunitari-abans-que-se-moblidi\/\" class=\"more-link\">Continua llegint <span class=\"screen-reader-text\">\u00abActe de cloenda del Servei Comunitari Abans que se m&#8217;oblidi\u00bb<\/span><\/a><\/p>\n","protected":false},"author":2,"featured_media":0,"comment_status":"open","ping_status":"open","sticky":false,"template":"","format":"standard","meta":{"footnotes":""},"categories":[116],"tags":[],"class_list":["post-921","post","type-post","status-publish","format-standard","hentry","category-cloenda"],"_links":{"self":[{"href":"https:\/\/www.revista-insaiguaviva.org\/curs2018-2019\/wp-json\/wp\/v2\/posts\/921","targetHints":{"allow":["GET"]}}],"collection":[{"href":"https:\/\/www.revista-insaiguaviva.org\/curs2018-2019\/wp-json\/wp\/v2\/posts"}],"about":[{"href":"https:\/\/www.revista-insaiguaviva.org\/curs2018-2019\/wp-json\/wp\/v2\/types\/post"}],"author":[{"embeddable":true,"href":"https:\/\/www.revista-insaiguaviva.org\/curs2018-2019\/wp-json\/wp\/v2\/users\/2"}],"replies":[{"embeddable":true,"href":"https:\/\/www.revista-insaiguaviva.org\/curs2018-2019\/wp-json\/wp\/v2\/comments?post=921"}],"version-history":[{"count":3,"href":"https:\/\/www.revista-insaiguaviva.org\/curs2018-2019\/wp-json\/wp\/v2\/posts\/921\/revisions"}],"predecessor-version":[{"id":931,"href":"https:\/\/www.revista-insaiguaviva.org\/curs2018-2019\/wp-json\/wp\/v2\/posts\/921\/revisions\/931"}],"wp:attachment":[{"href":"https:\/\/www.revista-insaiguaviva.org\/curs2018-2019\/wp-json\/wp\/v2\/media?parent=921"}],"wp:term":[{"taxonomy":"category","embeddable":true,"href":"https:\/\/www.revista-insaiguaviva.org\/curs2018-2019\/wp-json\/wp\/v2\/categories?post=921"},{"taxonomy":"post_tag","embeddable":true,"href":"https:\/\/www.revista-insaiguaviva.org\/curs2018-2019\/wp-json\/wp\/v2\/tags?post=921"}],"curies":[{"name":"wp","href":"https:\/\/api.w.org\/{rel}","templated":true}]}}