{"id":940,"date":"2019-05-17T11:28:53","date_gmt":"2019-05-17T09:28:53","guid":{"rendered":"https:\/\/www.revista-insaiguaviva.org\/curs2018-2019\/?p=940"},"modified":"2019-05-17T11:28:53","modified_gmt":"2019-05-17T09:28:53","slug":"servei-comunitari-aiguavivacull","status":"publish","type":"post","link":"https:\/\/www.revista-insaiguaviva.org\/curs2018-2019\/2019\/05\/17\/servei-comunitari-aiguavivacull\/","title":{"rendered":"Servei Comunitari: Aiguavivacull"},"content":{"rendered":"<div>El passat dimarts 14 de maig un dels grups del servei comunitari Aiguavivacull va acabar el voluntariat ling\u00fc\u00edstic. L&#8217;altre grup acabar\u00e0 el proper dia 22.<\/div>\n<div>Volem agrair la seva implicaci\u00f3, responsabilitat i dedicaci\u00f3 exemplars, que van fer que el servei fos valorat molt positivament tant pel professorat responsable com per l&#8217;entitat col\u00b7laboradora.<\/div>\n<div>Gr\u00e0cies tamb\u00e9 al centre c\u00edvic l&#8217;Era per la bona disposici\u00f3 que ha mostrat en tot moment.<\/div>\n<div>Som i serem societat acollidora!<\/div>\n<div><\/div>\n<div><img loading=\"lazy\" decoding=\"async\" class=\"alignnone wp-image-941 size-large\" src=\"https:\/\/www.revista-insaiguaviva.org\/curs2018-2019\/wp-content\/uploads\/2019\/05\/IMG_20190515_170923_HDR-1024x768.jpg\" alt=\"\" width=\"525\" height=\"394\" srcset=\"https:\/\/www.revista-insaiguaviva.org\/curs2018-2019\/wp-content\/uploads\/2019\/05\/IMG_20190515_170923_HDR-1024x768.jpg 1024w, https:\/\/www.revista-insaiguaviva.org\/curs2018-2019\/wp-content\/uploads\/2019\/05\/IMG_20190515_170923_HDR-300x225.jpg 300w, https:\/\/www.revista-insaiguaviva.org\/curs2018-2019\/wp-content\/uploads\/2019\/05\/IMG_20190515_170923_HDR-768x576.jpg 768w\" sizes=\"auto, (max-width: 525px) 100vw, 525px\" \/><\/div>\n<div><\/div>\n<div><span style=\"font-size: 1rem;\">Us deixem algunes<a href=\"https:\/\/photos.app.goo.gl\/wMBEaNAAQCkcBdN67\" target=\"_blank\" rel=\"noopener\"> fotos de l&#8217;experi\u00e8ncia.<\/a><\/span><\/div>\n","protected":false},"excerpt":{"rendered":"<p>El passat dimarts 14 de maig un dels grups del servei comunitari Aiguavivacull va acabar el voluntariat ling\u00fc\u00edstic. L&#8217;altre grup acabar\u00e0 el proper dia 22. Volem agrair la seva implicaci\u00f3, responsabilitat i dedicaci\u00f3 exemplars, que van fer que el servei fos valorat molt positivament tant pel professorat responsable com per l&#8217;entitat col\u00b7laboradora. Gr\u00e0cies tamb\u00e9 al &hellip; <\/p>\n<p class=\"link-more\"><a href=\"https:\/\/www.revista-insaiguaviva.org\/curs2018-2019\/2019\/05\/17\/servei-comunitari-aiguavivacull\/\" class=\"more-link\">Continua llegint <span class=\"screen-reader-text\">\u00abServei Comunitari: Aiguavivacull\u00bb<\/span><\/a><\/p>\n","protected":false},"author":2,"featured_media":0,"comment_status":"open","ping_status":"open","sticky":false,"template":"","format":"standard","meta":{"footnotes":""},"categories":[119],"tags":[],"class_list":["post-940","post","type-post","status-publish","format-standard","hentry","category-servei-comunitari-aiguavivacull"],"_links":{"self":[{"href":"https:\/\/www.revista-insaiguaviva.org\/curs2018-2019\/wp-json\/wp\/v2\/posts\/940","targetHints":{"allow":["GET"]}}],"collection":[{"href":"https:\/\/www.revista-insaiguaviva.org\/curs2018-2019\/wp-json\/wp\/v2\/posts"}],"about":[{"href":"https:\/\/www.revista-insaiguaviva.org\/curs2018-2019\/wp-json\/wp\/v2\/types\/post"}],"author":[{"embeddable":true,"href":"https:\/\/www.revista-insaiguaviva.org\/curs2018-2019\/wp-json\/wp\/v2\/users\/2"}],"replies":[{"embeddable":true,"href":"https:\/\/www.revista-insaiguaviva.org\/curs2018-2019\/wp-json\/wp\/v2\/comments?post=940"}],"version-history":[{"count":1,"href":"https:\/\/www.revista-insaiguaviva.org\/curs2018-2019\/wp-json\/wp\/v2\/posts\/940\/revisions"}],"predecessor-version":[{"id":942,"href":"https:\/\/www.revista-insaiguaviva.org\/curs2018-2019\/wp-json\/wp\/v2\/posts\/940\/revisions\/942"}],"wp:attachment":[{"href":"https:\/\/www.revista-insaiguaviva.org\/curs2018-2019\/wp-json\/wp\/v2\/media?parent=940"}],"wp:term":[{"taxonomy":"category","embeddable":true,"href":"https:\/\/www.revista-insaiguaviva.org\/curs2018-2019\/wp-json\/wp\/v2\/categories?post=940"},{"taxonomy":"post_tag","embeddable":true,"href":"https:\/\/www.revista-insaiguaviva.org\/curs2018-2019\/wp-json\/wp\/v2\/tags?post=940"}],"curies":[{"name":"wp","href":"https:\/\/api.w.org\/{rel}","templated":true}]}}