{"id":952,"date":"2019-05-26T17:53:18","date_gmt":"2019-05-26T15:53:18","guid":{"rendered":"https:\/\/www.revista-insaiguaviva.org\/curs2018-2019\/?p=952"},"modified":"2019-05-26T17:53:18","modified_gmt":"2019-05-26T15:53:18","slug":"relacions-semantiques-entre-les-paraules","status":"publish","type":"post","link":"https:\/\/www.revista-insaiguaviva.org\/curs2018-2019\/2019\/05\/26\/relacions-semantiques-entre-les-paraules\/","title":{"rendered":"Relacions sem\u00e0ntiques entre les paraules"},"content":{"rendered":"<p>Els alumnes de 3r d&#8217;ESO han fet la classe de llengua castellana explicant les relacions sem\u00e0ntiques entre les paraules: sinon\u00edmia, anton\u00edmia, homon\u00edmia, paron\u00edmia&#8230;<\/p>\n<p>I ho han fet molt b\u00e9!!<\/p>\n<p><img loading=\"lazy\" decoding=\"async\" class=\"aligncenter wp-image-953 size-large\" src=\"https:\/\/www.revista-insaiguaviva.org\/curs2018-2019\/wp-content\/uploads\/2019\/05\/20190507_124734-1024x576.jpg\" alt=\"\" width=\"525\" height=\"295\" srcset=\"https:\/\/www.revista-insaiguaviva.org\/curs2018-2019\/wp-content\/uploads\/2019\/05\/20190507_124734-1024x576.jpg 1024w, https:\/\/www.revista-insaiguaviva.org\/curs2018-2019\/wp-content\/uploads\/2019\/05\/20190507_124734-300x169.jpg 300w, https:\/\/www.revista-insaiguaviva.org\/curs2018-2019\/wp-content\/uploads\/2019\/05\/20190507_124734-768x432.jpg 768w\" sizes=\"auto, (max-width: 525px) 100vw, 525px\" \/><\/p>\n<p>Podeu veure les fotografies clicant <a href=\"https:\/\/photos.app.goo.gl\/wUvZJRQgD1raeC8j9\" target=\"_blank\" rel=\"noopener\">aqu\u00ed.\u00a0<\/a><\/p>\n<p>&nbsp;<\/p>\n","protected":false},"excerpt":{"rendered":"<p>Els alumnes de 3r d&#8217;ESO han fet la classe de llengua castellana explicant les relacions sem\u00e0ntiques entre les paraules: sinon\u00edmia, anton\u00edmia, homon\u00edmia, paron\u00edmia&#8230; I ho han fet molt b\u00e9!! Podeu veure les fotografies clicant aqu\u00ed.\u00a0 &nbsp;<\/p>\n","protected":false},"author":2,"featured_media":0,"comment_status":"open","ping_status":"open","sticky":false,"template":"","format":"standard","meta":{"footnotes":""},"categories":[121],"tags":[],"class_list":["post-952","post","type-post","status-publish","format-standard","hentry","category-relaciones-semanticas-3-eso"],"_links":{"self":[{"href":"https:\/\/www.revista-insaiguaviva.org\/curs2018-2019\/wp-json\/wp\/v2\/posts\/952","targetHints":{"allow":["GET"]}}],"collection":[{"href":"https:\/\/www.revista-insaiguaviva.org\/curs2018-2019\/wp-json\/wp\/v2\/posts"}],"about":[{"href":"https:\/\/www.revista-insaiguaviva.org\/curs2018-2019\/wp-json\/wp\/v2\/types\/post"}],"author":[{"embeddable":true,"href":"https:\/\/www.revista-insaiguaviva.org\/curs2018-2019\/wp-json\/wp\/v2\/users\/2"}],"replies":[{"embeddable":true,"href":"https:\/\/www.revista-insaiguaviva.org\/curs2018-2019\/wp-json\/wp\/v2\/comments?post=952"}],"version-history":[{"count":1,"href":"https:\/\/www.revista-insaiguaviva.org\/curs2018-2019\/wp-json\/wp\/v2\/posts\/952\/revisions"}],"predecessor-version":[{"id":954,"href":"https:\/\/www.revista-insaiguaviva.org\/curs2018-2019\/wp-json\/wp\/v2\/posts\/952\/revisions\/954"}],"wp:attachment":[{"href":"https:\/\/www.revista-insaiguaviva.org\/curs2018-2019\/wp-json\/wp\/v2\/media?parent=952"}],"wp:term":[{"taxonomy":"category","embeddable":true,"href":"https:\/\/www.revista-insaiguaviva.org\/curs2018-2019\/wp-json\/wp\/v2\/categories?post=952"},{"taxonomy":"post_tag","embeddable":true,"href":"https:\/\/www.revista-insaiguaviva.org\/curs2018-2019\/wp-json\/wp\/v2\/tags?post=952"}],"curies":[{"name":"wp","href":"https:\/\/api.w.org\/{rel}","templated":true}]}}