{"id":960,"date":"2019-06-01T21:07:39","date_gmt":"2019-06-01T19:07:39","guid":{"rendered":"https:\/\/www.revista-insaiguaviva.org\/curs2018-2019\/?p=960"},"modified":"2019-06-01T21:14:55","modified_gmt":"2019-06-01T19:14:55","slug":"visita-a-la-farinera-moreto","status":"publish","type":"post","link":"https:\/\/www.revista-insaiguaviva.org\/curs2018-2019\/2019\/06\/01\/visita-a-la-farinera-moreto\/","title":{"rendered":"Visita a la Farinera Moret\u00f3"},"content":{"rendered":"<p>El passat dilluns 20 de maig els alumnes de 4t C d&#8217;ESO, acompanyats per la M. \u00c0ngels Massaguer i per l&#8217;Ernesto Nogueira, van anar al parc de La Farinera a fer un treball de matem\u00e0tiques. Previ a l&#8217;inici dels c\u00e0lculs matem\u00e0tics sobre al\u00e7\u00e0ria i el volum de les sitges, se&#8217;ls hi va fer una explicaci\u00f3 sobre el projecte d&#8217;Apadrinament i una breu contextualitzaci\u00f3 de l&#8217;empresa i fam\u00edlia Moret\u00f3.<\/p>\n<div>Aqu\u00ed us deixem un petit v\u00eddeo recollint l&#8217;activitat matem\u00e0tica.<\/p>\n<div>\n<p style=\"text-align: center;\"><iframe loading=\"lazy\" src=\"https:\/\/www.youtube.com\/embed\/TX3Cm15jo3g\" width=\"420\" height=\"300\" frameborder=\"0\" allowfullscreen=\"allowfullscreen\"><span data-mce-type=\"bookmark\" style=\"display: inline-block; width: 0px; overflow: hidden; line-height: 0;\" class=\"mce_SELRES_start\">\ufeff<\/span><\/iframe><\/p>\n","protected":false},"excerpt":{"rendered":"<p>El passat dilluns 20 de maig els alumnes de 4t C d&#8217;ESO, acompanyats per la M. \u00c0ngels Massaguer i per l&#8217;Ernesto Nogueira, van anar al parc de La Farinera a fer un treball de matem\u00e0tiques. Previ a l&#8217;inici dels c\u00e0lculs matem\u00e0tics sobre al\u00e7\u00e0ria i el volum de les sitges, se&#8217;ls hi va fer una explicaci\u00f3 &hellip; <\/p>\n<p class=\"link-more\"><a href=\"https:\/\/www.revista-insaiguaviva.org\/curs2018-2019\/2019\/06\/01\/visita-a-la-farinera-moreto\/\" class=\"more-link\">Continua llegint <span class=\"screen-reader-text\">\u00abVisita a la Farinera Moret\u00f3\u00bb<\/span><\/a><\/p>\n","protected":false},"author":2,"featured_media":0,"comment_status":"open","ping_status":"open","sticky":false,"template":"","format":"standard","meta":{"footnotes":""},"categories":[122],"tags":[],"class_list":["post-960","post","type-post","status-publish","format-standard","hentry","category-visita-a-la-farinera-4-eso"],"_links":{"self":[{"href":"https:\/\/www.revista-insaiguaviva.org\/curs2018-2019\/wp-json\/wp\/v2\/posts\/960","targetHints":{"allow":["GET"]}}],"collection":[{"href":"https:\/\/www.revista-insaiguaviva.org\/curs2018-2019\/wp-json\/wp\/v2\/posts"}],"about":[{"href":"https:\/\/www.revista-insaiguaviva.org\/curs2018-2019\/wp-json\/wp\/v2\/types\/post"}],"author":[{"embeddable":true,"href":"https:\/\/www.revista-insaiguaviva.org\/curs2018-2019\/wp-json\/wp\/v2\/users\/2"}],"replies":[{"embeddable":true,"href":"https:\/\/www.revista-insaiguaviva.org\/curs2018-2019\/wp-json\/wp\/v2\/comments?post=960"}],"version-history":[{"count":4,"href":"https:\/\/www.revista-insaiguaviva.org\/curs2018-2019\/wp-json\/wp\/v2\/posts\/960\/revisions"}],"predecessor-version":[{"id":964,"href":"https:\/\/www.revista-insaiguaviva.org\/curs2018-2019\/wp-json\/wp\/v2\/posts\/960\/revisions\/964"}],"wp:attachment":[{"href":"https:\/\/www.revista-insaiguaviva.org\/curs2018-2019\/wp-json\/wp\/v2\/media?parent=960"}],"wp:term":[{"taxonomy":"category","embeddable":true,"href":"https:\/\/www.revista-insaiguaviva.org\/curs2018-2019\/wp-json\/wp\/v2\/categories?post=960"},{"taxonomy":"post_tag","embeddable":true,"href":"https:\/\/www.revista-insaiguaviva.org\/curs2018-2019\/wp-json\/wp\/v2\/tags?post=960"}],"curies":[{"name":"wp","href":"https:\/\/api.w.org\/{rel}","templated":true}]}}