{"id":974,"date":"2019-06-05T21:35:12","date_gmt":"2019-06-05T19:35:12","guid":{"rendered":"https:\/\/www.revista-insaiguaviva.org\/curs2018-2019\/?p=974"},"modified":"2019-06-06T22:55:21","modified_gmt":"2019-06-06T20:55:21","slug":"acte-de-graduacio-de-2n-de-batxillerat","status":"publish","type":"post","link":"https:\/\/www.revista-insaiguaviva.org\/curs2018-2019\/2019\/06\/05\/acte-de-graduacio-de-2n-de-batxillerat\/","title":{"rendered":"Acte de graduaci\u00f3 de 2n de batxillerat"},"content":{"rendered":"<div>El passat divendres, dia 31 de maig, va tenir lloc al Mercat Vell de Mollet la celebraci\u00f3 de la graduaci\u00f3 de la tercera promoci\u00f3 de batxillerat del nostre institut.<\/div>\n<div>L&#8217;acte es va inaugurar amb l&#8217;actuaci\u00f3\u00a0<span style=\"font-size: 1rem;\">de patinatge de dues alumnes de 2n de batxillerat que van comen\u00e7ar\u00a0l&#8217;acte\u00a0amb ritme.<\/span><\/div>\n<div><span style=\"font-size: 1rem;\">Alumnes, fam\u00edlies, professors i PAS van celebrar els anys compartits.\u00a0<\/span>Va ser una festa de comiat molt emotiva.<\/div>\n<div><\/div>\n<div><strong>Us desitgem molta sort a tots!!<\/strong><\/div>\n<div><\/div>\n<div>Aqu\u00ed us deixem el v\u00eddeo &#8211; resum de les diferents activitats, sortides i viv\u00e8ncies de la promoci\u00f3 2017-2019.<\/div>\n<div><\/div>\n<div>\n<div style=\"width: 525px;\" class=\"wp-video\"><!--[if lt IE 9]><script>document.createElement('video');<\/script><![endif]-->\n<video class=\"wp-video-shortcode\" id=\"video-974-1\" width=\"525\" height=\"295\" preload=\"metadata\" controls=\"controls\"><source type=\"video\/mp4\" src=\"https:\/\/www.revista-insaiguaviva.org\/curs2018-2019\/wp-content\/uploads\/2019\/06\/GRADUACI\u00d3-BATX-PROMO-2017-2019.mp4?_=1\" \/><a href=\"https:\/\/www.revista-insaiguaviva.org\/curs2018-2019\/wp-content\/uploads\/2019\/06\/GRADUACI\u00d3-BATX-PROMO-2017-2019.mp4\">https:\/\/www.revista-insaiguaviva.org\/curs2018-2019\/wp-content\/uploads\/2019\/06\/GRADUACI\u00d3-BATX-PROMO-2017-2019.mp4<\/a><\/video><\/div>\n<\/div>\n<p>Clicant <a href=\"https:\/\/photos.app.goo.gl\/sTE5rCMQwDM9KNJj6\" target=\"_blank\" rel=\"noopener\">aqu\u00ed<\/a> podeu gaudir de les fotografies de l&#8217;acte de graduaci\u00f3. Anirem penjant totes les que ens envieu.<\/p>\n","protected":false},"excerpt":{"rendered":"<p>El passat divendres, dia 31 de maig, va tenir lloc al Mercat Vell de Mollet la celebraci\u00f3 de la graduaci\u00f3 de la tercera promoci\u00f3 de batxillerat del nostre institut. L&#8217;acte es va inaugurar amb l&#8217;actuaci\u00f3\u00a0de patinatge de dues alumnes de 2n de batxillerat que van comen\u00e7ar\u00a0l&#8217;acte\u00a0amb ritme. Alumnes, fam\u00edlies, professors i PAS van celebrar els &hellip; <\/p>\n<p class=\"link-more\"><a href=\"https:\/\/www.revista-insaiguaviva.org\/curs2018-2019\/2019\/06\/05\/acte-de-graduacio-de-2n-de-batxillerat\/\" class=\"more-link\">Continua llegint <span class=\"screen-reader-text\">\u00abActe de graduaci\u00f3 de 2n de batxillerat\u00bb<\/span><\/a><\/p>\n","protected":false},"author":2,"featured_media":0,"comment_status":"open","ping_status":"open","sticky":false,"template":"","format":"standard","meta":{"footnotes":""},"categories":[125],"tags":[],"class_list":["post-974","post","type-post","status-publish","format-standard","hentry","category-graduacio-2-btx"],"_links":{"self":[{"href":"https:\/\/www.revista-insaiguaviva.org\/curs2018-2019\/wp-json\/wp\/v2\/posts\/974","targetHints":{"allow":["GET"]}}],"collection":[{"href":"https:\/\/www.revista-insaiguaviva.org\/curs2018-2019\/wp-json\/wp\/v2\/posts"}],"about":[{"href":"https:\/\/www.revista-insaiguaviva.org\/curs2018-2019\/wp-json\/wp\/v2\/types\/post"}],"author":[{"embeddable":true,"href":"https:\/\/www.revista-insaiguaviva.org\/curs2018-2019\/wp-json\/wp\/v2\/users\/2"}],"replies":[{"embeddable":true,"href":"https:\/\/www.revista-insaiguaviva.org\/curs2018-2019\/wp-json\/wp\/v2\/comments?post=974"}],"version-history":[{"count":9,"href":"https:\/\/www.revista-insaiguaviva.org\/curs2018-2019\/wp-json\/wp\/v2\/posts\/974\/revisions"}],"predecessor-version":[{"id":984,"href":"https:\/\/www.revista-insaiguaviva.org\/curs2018-2019\/wp-json\/wp\/v2\/posts\/974\/revisions\/984"}],"wp:attachment":[{"href":"https:\/\/www.revista-insaiguaviva.org\/curs2018-2019\/wp-json\/wp\/v2\/media?parent=974"}],"wp:term":[{"taxonomy":"category","embeddable":true,"href":"https:\/\/www.revista-insaiguaviva.org\/curs2018-2019\/wp-json\/wp\/v2\/categories?post=974"},{"taxonomy":"post_tag","embeddable":true,"href":"https:\/\/www.revista-insaiguaviva.org\/curs2018-2019\/wp-json\/wp\/v2\/tags?post=974"}],"curies":[{"name":"wp","href":"https:\/\/api.w.org\/{rel}","templated":true}]}}