{"id":1025,"date":"2020-05-27T18:53:09","date_gmt":"2020-05-27T16:53:09","guid":{"rendered":"https:\/\/www.revista-insaiguaviva.org\/curs2019-2020\/?p=1025"},"modified":"2020-05-27T18:53:09","modified_gmt":"2020-05-27T16:53:09","slug":"llibre-acordio-sobre-els-haikus","status":"publish","type":"post","link":"https:\/\/www.revista-insaiguaviva.org\/curs2019-2020\/2020\/05\/27\/llibre-acordio-sobre-els-haikus\/","title":{"rendered":"Llibre-acordi\u00f3 sobre els Haikus"},"content":{"rendered":"\n<p>Us presentem a continuaci\u00f3 alguns exemples del llibre-acordi\u00f3 sobre els Haikus que estaven il.lustrant els alumnes de 3r d&#8217;ESO al mes de mar\u00e7. Aquests s\u00f3n de la Sara Bejarano i l&#8217;Ainoa Mar\u00edn.\u00a0<\/p>\n\n\n\n<p>A l&#8217;Institut van quedar tots aquests llibres acordi\u00f3 sense acabar de muntar (faltava un darrer pas) i sap greu perqu\u00e8 n&#8217;hi havia uns quants de meravellosos! <\/p>\n\n\n\n<figure class=\"wp-block-image size-large\"><img loading=\"lazy\" decoding=\"async\" width=\"1005\" height=\"1024\" src=\"https:\/\/www.revista-insaiguaviva.org\/curs2019-2020\/wp-content\/uploads\/2020\/05\/Sara-Bejarano-Haiku-1005x1024.jpg\" alt=\"\" class=\"wp-image-1026\" srcset=\"https:\/\/www.revista-insaiguaviva.org\/curs2019-2020\/wp-content\/uploads\/2020\/05\/Sara-Bejarano-Haiku-1005x1024.jpg 1005w, https:\/\/www.revista-insaiguaviva.org\/curs2019-2020\/wp-content\/uploads\/2020\/05\/Sara-Bejarano-Haiku-294x300.jpg 294w, https:\/\/www.revista-insaiguaviva.org\/curs2019-2020\/wp-content\/uploads\/2020\/05\/Sara-Bejarano-Haiku-768x783.jpg 768w, https:\/\/www.revista-insaiguaviva.org\/curs2019-2020\/wp-content\/uploads\/2020\/05\/Sara-Bejarano-Haiku.jpg 1508w\" sizes=\"auto, (max-width: 767px) 89vw, (max-width: 1000px) 54vw, (max-width: 1071px) 543px, 580px\" \/><\/figure>\n\n\n\n<figure class=\"wp-block-image size-large\"><img loading=\"lazy\" decoding=\"async\" width=\"1005\" height=\"1024\" src=\"https:\/\/www.revista-insaiguaviva.org\/curs2019-2020\/wp-content\/uploads\/2020\/05\/collage-Ainoa-Marin-1005x1024.jpg\" alt=\"\" class=\"wp-image-1027\" srcset=\"https:\/\/www.revista-insaiguaviva.org\/curs2019-2020\/wp-content\/uploads\/2020\/05\/collage-Ainoa-Marin-1005x1024.jpg 1005w, https:\/\/www.revista-insaiguaviva.org\/curs2019-2020\/wp-content\/uploads\/2020\/05\/collage-Ainoa-Marin-294x300.jpg 294w, https:\/\/www.revista-insaiguaviva.org\/curs2019-2020\/wp-content\/uploads\/2020\/05\/collage-Ainoa-Marin-768x783.jpg 768w, https:\/\/www.revista-insaiguaviva.org\/curs2019-2020\/wp-content\/uploads\/2020\/05\/collage-Ainoa-Marin.jpg 1508w\" sizes=\"auto, (max-width: 767px) 89vw, (max-width: 1000px) 54vw, (max-width: 1071px) 543px, 580px\" \/><\/figure>\n\n\n\n<figure class=\"wp-block-video\"><video controls src=\"https:\/\/www.revista-insaiguaviva.org\/curs2019-2020\/wp-content\/uploads\/2020\/05\/Sara-bejarano.mov\"><\/video><\/figure>\n","protected":false},"excerpt":{"rendered":"<p>Us presentem a continuaci\u00f3 alguns exemples del llibre-acordi\u00f3 sobre els Haikus que estaven il.lustrant els alumnes de 3r d&#8217;ESO al mes de mar\u00e7. Aquests s\u00f3n de la Sara Bejarano i l&#8217;Ainoa Mar\u00edn.\u00a0 A l&#8217;Institut van quedar tots aquests llibres acordi\u00f3 sense acabar de muntar (faltava un darrer pas) i sap greu perqu\u00e8 n&#8217;hi havia uns &hellip; <\/p>\n<p class=\"link-more\"><a href=\"https:\/\/www.revista-insaiguaviva.org\/curs2019-2020\/2020\/05\/27\/llibre-acordio-sobre-els-haikus\/\" class=\"more-link\">Continua llegint <span class=\"screen-reader-text\">\u00abLlibre-acordi\u00f3 sobre els Haikus\u00bb<\/span><\/a><\/p>\n","protected":false},"author":2,"featured_media":0,"comment_status":"open","ping_status":"open","sticky":false,"template":"","format":"standard","meta":{"footnotes":""},"categories":[80],"tags":[],"class_list":["post-1025","post","type-post","status-publish","format-standard","hentry","category-llibre-acordio-sobre-el-haiku-3-eso"],"_links":{"self":[{"href":"https:\/\/www.revista-insaiguaviva.org\/curs2019-2020\/wp-json\/wp\/v2\/posts\/1025","targetHints":{"allow":["GET"]}}],"collection":[{"href":"https:\/\/www.revista-insaiguaviva.org\/curs2019-2020\/wp-json\/wp\/v2\/posts"}],"about":[{"href":"https:\/\/www.revista-insaiguaviva.org\/curs2019-2020\/wp-json\/wp\/v2\/types\/post"}],"author":[{"embeddable":true,"href":"https:\/\/www.revista-insaiguaviva.org\/curs2019-2020\/wp-json\/wp\/v2\/users\/2"}],"replies":[{"embeddable":true,"href":"https:\/\/www.revista-insaiguaviva.org\/curs2019-2020\/wp-json\/wp\/v2\/comments?post=1025"}],"version-history":[{"count":1,"href":"https:\/\/www.revista-insaiguaviva.org\/curs2019-2020\/wp-json\/wp\/v2\/posts\/1025\/revisions"}],"predecessor-version":[{"id":1029,"href":"https:\/\/www.revista-insaiguaviva.org\/curs2019-2020\/wp-json\/wp\/v2\/posts\/1025\/revisions\/1029"}],"wp:attachment":[{"href":"https:\/\/www.revista-insaiguaviva.org\/curs2019-2020\/wp-json\/wp\/v2\/media?parent=1025"}],"wp:term":[{"taxonomy":"category","embeddable":true,"href":"https:\/\/www.revista-insaiguaviva.org\/curs2019-2020\/wp-json\/wp\/v2\/categories?post=1025"},{"taxonomy":"post_tag","embeddable":true,"href":"https:\/\/www.revista-insaiguaviva.org\/curs2019-2020\/wp-json\/wp\/v2\/tags?post=1025"}],"curies":[{"name":"wp","href":"https:\/\/api.w.org\/{rel}","templated":true}]}}