{"id":1038,"date":"2020-06-21T12:38:06","date_gmt":"2020-06-21T10:38:06","guid":{"rendered":"https:\/\/www.revista-insaiguaviva.org\/curs2019-2020\/?p=1038"},"modified":"2020-06-21T12:41:08","modified_gmt":"2020-06-21T10:41:08","slug":"servei-comunitari-dia-de-la-nutricio","status":"publish","type":"post","link":"https:\/\/www.revista-insaiguaviva.org\/curs2019-2020\/2020\/06\/21\/servei-comunitari-dia-de-la-nutricio\/","title":{"rendered":"Servei comunitari: Dia de la nutrici\u00f3"},"content":{"rendered":"\n<p>Els alumnes de tercer d&#8217;ESO que participaven en el  servei comunitari <em>Dia de la nutrici\u00f3<\/em> han fet una caixa que cont\u00e9 blat en tres estats diferents. Aix\u00ed volen expressar la import\u00e0ncia dels cereals dins l&#8217;alimentaci\u00f3. L&#8217; acompanyen amb un article i un video que us presentem a continuaci\u00f3. <\/p>\n\n\n\n<figure class=\"wp-block-video\"><video controls src=\"https:\/\/www.revista-insaiguaviva.org\/curs2019-2020\/wp-content\/uploads\/2020\/06\/Anem-al-gra.mp4\"><\/video><\/figure>\n\n\n\n<p>Podeu llegir l&#8217;article clicant <a href=\"https:\/\/www.revista-insaiguaviva.org\/curs2019-2020\/servei-comunitari-dia-mundial-de-la-nutricio-28-de-maig\/\" target=\"_blank\" rel=\"noreferrer noopener\">aqu\u00ed. <\/a><\/p>\n","protected":false},"excerpt":{"rendered":"<p>Els alumnes de tercer d&#8217;ESO que participaven en el servei comunitari Dia de la nutrici\u00f3 han fet una caixa que cont\u00e9 blat en tres estats diferents. Aix\u00ed volen expressar la import\u00e0ncia dels cereals dins l&#8217;alimentaci\u00f3. L&#8217; acompanyen amb un article i un video que us presentem a continuaci\u00f3. Podeu llegir l&#8217;article clicant aqu\u00ed.<\/p>\n","protected":false},"author":2,"featured_media":0,"comment_status":"open","ping_status":"open","sticky":false,"template":"","format":"standard","meta":{"footnotes":""},"categories":[82],"tags":[],"class_list":["post-1038","post","type-post","status-publish","format-standard","hentry","category-servei-comunitari-dia-de-la-nutricio"],"_links":{"self":[{"href":"https:\/\/www.revista-insaiguaviva.org\/curs2019-2020\/wp-json\/wp\/v2\/posts\/1038","targetHints":{"allow":["GET"]}}],"collection":[{"href":"https:\/\/www.revista-insaiguaviva.org\/curs2019-2020\/wp-json\/wp\/v2\/posts"}],"about":[{"href":"https:\/\/www.revista-insaiguaviva.org\/curs2019-2020\/wp-json\/wp\/v2\/types\/post"}],"author":[{"embeddable":true,"href":"https:\/\/www.revista-insaiguaviva.org\/curs2019-2020\/wp-json\/wp\/v2\/users\/2"}],"replies":[{"embeddable":true,"href":"https:\/\/www.revista-insaiguaviva.org\/curs2019-2020\/wp-json\/wp\/v2\/comments?post=1038"}],"version-history":[{"count":2,"href":"https:\/\/www.revista-insaiguaviva.org\/curs2019-2020\/wp-json\/wp\/v2\/posts\/1038\/revisions"}],"predecessor-version":[{"id":1046,"href":"https:\/\/www.revista-insaiguaviva.org\/curs2019-2020\/wp-json\/wp\/v2\/posts\/1038\/revisions\/1046"}],"wp:attachment":[{"href":"https:\/\/www.revista-insaiguaviva.org\/curs2019-2020\/wp-json\/wp\/v2\/media?parent=1038"}],"wp:term":[{"taxonomy":"category","embeddable":true,"href":"https:\/\/www.revista-insaiguaviva.org\/curs2019-2020\/wp-json\/wp\/v2\/categories?post=1038"},{"taxonomy":"post_tag","embeddable":true,"href":"https:\/\/www.revista-insaiguaviva.org\/curs2019-2020\/wp-json\/wp\/v2\/tags?post=1038"}],"curies":[{"name":"wp","href":"https:\/\/api.w.org\/{rel}","templated":true}]}}