{"id":104,"date":"2019-10-02T22:23:45","date_gmt":"2019-10-02T20:23:45","guid":{"rendered":"https:\/\/www.revista-insaiguaviva.org\/curs2019-2020\/?p=104"},"modified":"2019-10-02T22:34:32","modified_gmt":"2019-10-02T20:34:32","slug":"intercanvi-linguistic-amb-colonia-alemanya","status":"publish","type":"post","link":"https:\/\/www.revista-insaiguaviva.org\/curs2019-2020\/2019\/10\/02\/intercanvi-linguistic-amb-colonia-alemanya\/","title":{"rendered":"Intercanvi ling\u00fc\u00edstic amb Col\u00f2nia (Alemanya)"},"content":{"rendered":"\n<p>Els alumnes de 1r de batxillerat del nostre centre realitzen un intercanvi ling\u00fc\u00edstic amb alumnes de Col\u00f2nia, Alemanya. Durant aquests dies ens han visitat deu alumnes del centre Maximiliam Kolbe Gymnasium Koeln. Van arribar divendres, dia 27 de setembre i han marxat avui, dia 2 d&#8217;octubre. Els nostres alumnes viatjaran a Col\u00f2nia al mes de febrer del 2020. <\/p>\n\n\n\n<figure class=\"wp-block-image\"><img loading=\"lazy\" decoding=\"async\" width=\"765\" height=\"1024\" src=\"https:\/\/www.revista-insaiguaviva.org\/curs2019-2020\/wp-content\/uploads\/2019\/10\/IMG-20191001-WA0002-765x1024.jpg\" alt=\"\" class=\"wp-image-106\" srcset=\"https:\/\/www.revista-insaiguaviva.org\/curs2019-2020\/wp-content\/uploads\/2019\/10\/IMG-20191001-WA0002-765x1024.jpg 765w, https:\/\/www.revista-insaiguaviva.org\/curs2019-2020\/wp-content\/uploads\/2019\/10\/IMG-20191001-WA0002-224x300.jpg 224w, https:\/\/www.revista-insaiguaviva.org\/curs2019-2020\/wp-content\/uploads\/2019\/10\/IMG-20191001-WA0002-768x1027.jpg 768w, https:\/\/www.revista-insaiguaviva.org\/curs2019-2020\/wp-content\/uploads\/2019\/10\/IMG-20191001-WA0002.jpg 1196w\" sizes=\"auto, (max-width: 706px) 89vw, (max-width: 767px) 82vw, 740px\" \/><\/figure>\n\n\n\n<p>Han relitzat diferents activitats: visita a Mollet del Vall\u00e8s; visita a Barcelona i a alguns edificis emblem\u00e0tics de la ciutat; sortida a la platja; assist\u00e8ncia a les classes del centre amb els alumnes de batxillerat i visita a l&#8217;Ajuntament de Mollet on els ha rebut l&#8217;Alcalde, Sr. Josep Monr\u00e0s. <\/p>\n\n\n\n<p>La not\u00edcia ha sortit a Vall\u00e8s Visi\u00f3:<\/p>\n\n\n<div id=\"embed-alacarta-45497\"><\/div>\n<p><script src=\"https:\/\/www.alacarta.cat\/js\/embed.js\" data-container=\"embed-alacarta-45497\" data-src=\"5d94c46777ba4e0ce8739323\"><\/script><\/p>\n\n\n\n<p>Podeu veure algunes fotografies clicant <a rel=\"noreferrer noopener\" aria-label=\"aqu\u00ed. (s'obre en una nova pestanya)\" href=\"https:\/\/photos.app.goo.gl\/jjQHxq4x6Sofp8eB8\" target=\"_blank\">aqu\u00ed.<\/a><\/p>\n\n\n\n<p>A la classe de F\u00edsica han experimentat amb la difracci\u00f3 de la llum. Cliqueu <a rel=\"noreferrer noopener\" aria-label=\"aqu\u00ed  (s'obre en una nova pestanya)\" href=\"https:\/\/photos.app.goo.gl\/FeiLhTVCLwhG3AT69\" target=\"_blank\">aqu\u00ed <\/a>per veure m\u00e9s fotografies. <\/p>\n\n\n\n<figure class=\"wp-block-image\"><img loading=\"lazy\" decoding=\"async\" width=\"562\" height=\"1000\" src=\"https:\/\/www.revista-insaiguaviva.org\/curs2019-2020\/wp-content\/uploads\/2019\/10\/IMG-20191002-WA0011.jpg\" alt=\"\" class=\"wp-image-109\" srcset=\"https:\/\/www.revista-insaiguaviva.org\/curs2019-2020\/wp-content\/uploads\/2019\/10\/IMG-20191002-WA0011.jpg 562w, https:\/\/www.revista-insaiguaviva.org\/curs2019-2020\/wp-content\/uploads\/2019\/10\/IMG-20191002-WA0011-169x300.jpg 169w\" sizes=\"auto, (max-width: 562px) 100vw, 562px\" \/><\/figure>\n\n\n\n<p><\/p>\n","protected":false},"excerpt":{"rendered":"<p>Els alumnes de 1r de batxillerat del nostre centre realitzen un intercanvi ling\u00fc\u00edstic amb alumnes de Col\u00f2nia, Alemanya. Durant aquests dies ens han visitat deu alumnes del centre Maximiliam Kolbe Gymnasium Koeln. Van arribar divendres, dia 27 de setembre i han marxat avui, dia 2 d&#8217;octubre. Els nostres alumnes viatjaran a Col\u00f2nia al mes de &hellip; <\/p>\n<p class=\"link-more\"><a href=\"https:\/\/www.revista-insaiguaviva.org\/curs2019-2020\/2019\/10\/02\/intercanvi-linguistic-amb-colonia-alemanya\/\" class=\"more-link\">Continua llegint <span class=\"screen-reader-text\">\u00abIntercanvi ling\u00fc\u00edstic amb Col\u00f2nia (Alemanya)\u00bb<\/span><\/a><\/p>\n","protected":false},"author":2,"featured_media":0,"comment_status":"open","ping_status":"open","sticky":false,"template":"","format":"standard","meta":{"footnotes":""},"categories":[1,7],"tags":[],"class_list":["post-104","post","type-post","status-publish","format-standard","hentry","category-general","category-intercanvi-linguistic-amb-colonia-alemanya9"],"_links":{"self":[{"href":"https:\/\/www.revista-insaiguaviva.org\/curs2019-2020\/wp-json\/wp\/v2\/posts\/104","targetHints":{"allow":["GET"]}}],"collection":[{"href":"https:\/\/www.revista-insaiguaviva.org\/curs2019-2020\/wp-json\/wp\/v2\/posts"}],"about":[{"href":"https:\/\/www.revista-insaiguaviva.org\/curs2019-2020\/wp-json\/wp\/v2\/types\/post"}],"author":[{"embeddable":true,"href":"https:\/\/www.revista-insaiguaviva.org\/curs2019-2020\/wp-json\/wp\/v2\/users\/2"}],"replies":[{"embeddable":true,"href":"https:\/\/www.revista-insaiguaviva.org\/curs2019-2020\/wp-json\/wp\/v2\/comments?post=104"}],"version-history":[{"count":5,"href":"https:\/\/www.revista-insaiguaviva.org\/curs2019-2020\/wp-json\/wp\/v2\/posts\/104\/revisions"}],"predecessor-version":[{"id":114,"href":"https:\/\/www.revista-insaiguaviva.org\/curs2019-2020\/wp-json\/wp\/v2\/posts\/104\/revisions\/114"}],"wp:attachment":[{"href":"https:\/\/www.revista-insaiguaviva.org\/curs2019-2020\/wp-json\/wp\/v2\/media?parent=104"}],"wp:term":[{"taxonomy":"category","embeddable":true,"href":"https:\/\/www.revista-insaiguaviva.org\/curs2019-2020\/wp-json\/wp\/v2\/categories?post=104"},{"taxonomy":"post_tag","embeddable":true,"href":"https:\/\/www.revista-insaiguaviva.org\/curs2019-2020\/wp-json\/wp\/v2\/tags?post=104"}],"curies":[{"name":"wp","href":"https:\/\/api.w.org\/{rel}","templated":true}]}}