{"id":132,"date":"2019-10-22T19:40:44","date_gmt":"2019-10-22T17:40:44","guid":{"rendered":"https:\/\/www.revista-insaiguaviva.org\/curs2019-2020\/?p=132"},"modified":"2019-10-22T19:44:12","modified_gmt":"2019-10-22T17:44:12","slug":"neus-catala","status":"publish","type":"post","link":"https:\/\/www.revista-insaiguaviva.org\/curs2019-2020\/2019\/10\/22\/neus-catala\/","title":{"rendered":"NEUS CATAL\u00c0"},"content":{"rendered":"\n<p>Neus Catal\u00e0 va n\u00e9ixer el 6 d\u2019octubre de 1915 a Els Guiamets, Tarragona, i va morir el 13 d\u2019abril del 2019, quan tenia 103 anys. Va ser una activista antifeixista catalana, membre de les Joventuts del Partit Socialista Unificat de Catalunya (PSUC) durant la Guerra Civil espanyola. Va ser la pen\u00faltima supervivent catalana viva del camp de concentraci\u00f3 nazi a Ravensbr\u00fcck.<\/p>\n\n\n\n<figure class=\"wp-block-image\"><img decoding=\"async\" src=\"https:\/\/lh6.googleusercontent.com\/HivCi3rlkYORTuoLmQAkbJmoIjpiDYH-parZnzs3d60XVEycH1hkBqlvSUq74dSRh7mvNOssEg7X8P0J_y1HJqmAEOxi7iArQC8uIVgoUe4GMVuB7dJlnLkjGplcSWNvxcQAAmLu\" alt=\"\"\/><\/figure>\n\n\n\n<p><\/p>\n\n\n\n<figure class=\"wp-block-image\"><img decoding=\"async\" src=\"https:\/\/lh6.googleusercontent.com\/CfIj71_p24Jf8k-zL-M-XlDiRJAEWyuv4NYNwtugFdygZcuGKTzhbqQPN0bT412Y4Hgc9HTQDf0hfHYDSA29f9lTQCPwjPHQr6CazqO91rYKtOOjatX5qWSzRWudFtgsJLpnn59o\" alt=\"\"\/><\/figure>\n\n\n\n<p>Neus Catal\u00e0 es va diplomar en infermeria l\u2019any 1937 i al comen\u00e7ament de la <a href=\"https:\/\/ca.wikipedia.org\/wiki\/Guerra_civil_espanyola\">Guerra Civil<\/a> es va traslladar a <a href=\"https:\/\/ca.wikipedia.org\/wiki\/Barcelona\">Barcelona<\/a>. L&#8217;any 1939, va travessar la frontera francesa amb 180 nens orfes de la col\u00f2nia Las Acacias de <a href=\"https:\/\/ca.wikipedia.org\/wiki\/Premi%C3%A0_de_Dalt\">Premi\u00e0 de Dalt<\/a>, on es trobaven els anomenats \u00abnens de Negr\u00edn\u00bb, que estaven a c\u00e0rrec seu. Va col\u00b7laborar juntament amb el seu marit,&nbsp; Albert Roger,<a href=\"https:\/\/ca.wikipedia.org\/wiki\/Neus_Catal%C3%A0_i_Pallej%C3%A0#cite_note-franco-2\"><sup>[2]<\/sup><\/a> en activitats de la <a href=\"https:\/\/ca.wikipedia.org\/wiki\/Resist%C3%A8ncia_francesa\">Resist\u00e8ncia<\/a> (moviment que va lluitar contra el <a href=\"https:\/\/ca.wikipedia.org\/wiki\/Govern_de_Vichy\">Govern de Vichy<\/a> i l&#8217;ocupaci\u00f3 <a href=\"https:\/\/ca.wikipedia.org\/wiki\/Nazi\">nazi<\/a> de <a href=\"https:\/\/ca.wikipedia.org\/wiki\/Fran%C3%A7a\">Fran\u00e7a<\/a> durant la <a href=\"https:\/\/ca.wikipedia.org\/wiki\/Segona_Guerra_Mundial\">Segona Guerra Mundial<\/a>), centralitzant a casa seva la recepci\u00f3 i transmissi\u00f3 de missatges, armes i documentaci\u00f3, i allotjant refugiats pol\u00edtics. Va ser denunciada a les autoritats nazis per un apotecari de Sarlat, i el seu marit i ella van ser detinguts l\u2019any 1943. A conseq\u00fc\u00e8ncia d\u2019all\u00f2, l\u2019any 1944 va ser traslladada a &nbsp;<a href=\"https:\/\/ca.wikipedia.org\/wiki\/Ravensbr%C3%BCck\">Ravensbr\u00fcck<\/a>, on va ser obligada a treballar en la ind\u00fastria de l&#8217;armament. En all\u00e0 es va formar un grup de dones anomenat &lt;&lt;comando de les gandules&gt;&gt;, que boicotejaven l\u2019elaboraci\u00f3 d\u2019armes i, gr\u00e0cies al sabotatge,&nbsp; un munt de dones for\u00e7ades a treballar en aquella f\u00e0brica van inutilitzar uns 10 milions de bales i van espatllar nombroses m\u00e0quines de fabricaci\u00f3 d&#8217;armament.<\/p>\n\n\n\n<p>Finalment, va ser alliberada i va decidir de tornar a Fran\u00e7a per seguir lluitant contra el franquisme.<\/p>\n\n\n\n<p>RECONEIXEMENTS<\/p>\n\n\n\n<p>La Generalitat de Catalunya la va premiar amb la Creu de Sant Jordi el 2005 i, a l\u2019any seg\u00fcent, va ser escollida com catalana de l\u2019any per la seva feina de defensa de la mem\u00f2ria de les m\u00e9s de 92.000 dones que van morir a Ravensbr\u00fcck. Aquell mateix any tamb\u00e9 va rebre el Premi l\u2019Alternativa.<\/p>\n\n\n\n<p>Quan tenia 99 anys, al 2014, va rebre el premi Medalla d&#8217;Or al M\u00e8rit C\u00edvic per part de l\u2019Ajuntament de Barcelona en reconeixement del seu esfor\u00e7 i treball de preservaci\u00f3 de la mem\u00f2ria hist\u00f2rica, la lluita antifeixista i la defensa dels drets de les dones.<\/p>\n\n\n\n<p>A l\u2019any seg\u00fcent va rebre la <a href=\"https:\/\/ca.wikipedia.org\/wiki\/Medalla_d%27Or_de_la_Generalitat_de_Catalunya\">Medalla d&#8217;Or de la Generalitat de Catalunya<\/a>, per la seva lluita per la just\u00edcia i per les llibertats democr\u00e0tiques, la mem\u00f2ria dels deportats i deportades en els camps d&#8217;extermini nazi, i la defensa dels drets humans.<\/p>\n\n\n\n<p>El divendres 4 d\u2019octubre d\u2019aquest any, Par\u00eds va homenatjar a Catal\u00e0 posant-li el seu nom a un carrer. El carrer es troba molt a prop del cementiri P\u00e8re Lachaise on descansen en pau molts republicans espanyols exiliats a Fran\u00e7a. A m\u00e9s, tamb\u00e9 ha atorgat la medalla Grand Vermeil, la seva distinci\u00f3 m\u00e9s important, per tot el que va fer per poder salvar a les dones del camp de concentraci\u00f3.&nbsp;<\/p>\n\n\n\n<figure class=\"wp-block-image\"><img decoding=\"async\" src=\"https:\/\/lh3.googleusercontent.com\/AQmiyRHD9K-eC4HlX-z7EnsNkZobZgXypd99gpBRhQ7x6opC1C6h4KPJLT8ssxaU3E9t9CiL2ThImCpHxO4tolYTiXeKLLmUrbeKQPTZp2jsMm7uWSHRHyWNab_59I22ZHOp1b9C\" alt=\"\"\/><figcaption><em>Carrer Neus Catal\u00e0 a Par\u00eds<\/em><\/figcaption><\/figure>\n\n\n\n<p>Moltes localitats catalanes tamb\u00e9 han volgut recordar a Neus Catal\u00e0 posant-li el seu nom a un dels seus carrers, com per exemple Ginestar, Gav\u00e0, Sant Adri\u00e0 del Bes\u00f2s, entre d\u2019altres.&nbsp;<\/p>\n\n\n\n<p>LLIBRES<\/p>\n\n\n\n<p>Neus Catal\u00e0 va escriure el llibre seg\u00fcent:<\/p>\n\n\n\n<ul class=\"wp-block-list\"><li><em>De la resist\u00e8ncia y la deportaci\u00f3: 50 testimonis de dones espanyoles<\/em>->\u00a0 es va publicar l\u2019any 1984. Explica, tal com diu el t\u00edtol del llibre, les experi\u00e8ncies de dones que van patir al camp de concentraci\u00f3 de Ravensbr\u00fcck, juntament amb el de Neus Catal\u00e0.<\/li><\/ul>\n\n\n\n<p>Tamb\u00e9 han sigut publicades novel\u00b7les narrades per ella per\u00f2 escrites per altres autors, com Carme Mart\u00ed, que va escriure <em>Un Cel de Plom, <\/em>explicant totes les aventures i experi\u00e8ncies de Catal\u00e0 amb una sinceritat i sensibilitat extraordin\u00e0ries.<\/p>\n\n\n\n<figure class=\"wp-block-image\"><img decoding=\"async\" src=\"https:\/\/lh6.googleusercontent.com\/vc13meO6W_3TC-kqQvScB8v_TQRYTg-6wA2qxOb3xqdy12bfByO8pyaK1mQLMMuw8tAroomUzOWN8Nyt2e1ilB8nsJuEXEvqd-nRUDZ0oHKP1GxHZM8Ivj7EmF9lDdQFlvqmvpTE\" alt=\"\"\/><figcaption><em>Edici\u00f3 en castell\u00e0 de \u2018De la resist\u00e8ncia y la deportaci\u00f3: 50 testimonis de dones espanyoles\u2019<\/em><\/figcaption><\/figure>\n\n\n\n<p style=\"text-align:right\">MAR\u00cdA PECE &#8211; 4t A ESO<\/p>\n","protected":false},"excerpt":{"rendered":"<p>Neus Catal\u00e0 va n\u00e9ixer el 6 d\u2019octubre de 1915 a Els Guiamets, Tarragona, i va morir el 13 d\u2019abril del 2019, quan tenia 103 anys. Va ser una activista antifeixista catalana, membre de les Joventuts del Partit Socialista Unificat de Catalunya (PSUC) durant la Guerra Civil espanyola. Va ser la pen\u00faltima supervivent catalana viva del &hellip; <\/p>\n<p class=\"link-more\"><a href=\"https:\/\/www.revista-insaiguaviva.org\/curs2019-2020\/2019\/10\/22\/neus-catala\/\" class=\"more-link\">Continua llegint <span class=\"screen-reader-text\">\u00abNEUS CATAL\u00c0\u00bb<\/span><\/a><\/p>\n","protected":false},"author":2,"featured_media":0,"comment_status":"open","ping_status":"open","sticky":false,"template":"","format":"standard","meta":{"footnotes":""},"categories":[12,13],"tags":[],"class_list":["post-132","post","type-post","status-publish","format-standard","hentry","category-etica","category-neus-catala"],"_links":{"self":[{"href":"https:\/\/www.revista-insaiguaviva.org\/curs2019-2020\/wp-json\/wp\/v2\/posts\/132","targetHints":{"allow":["GET"]}}],"collection":[{"href":"https:\/\/www.revista-insaiguaviva.org\/curs2019-2020\/wp-json\/wp\/v2\/posts"}],"about":[{"href":"https:\/\/www.revista-insaiguaviva.org\/curs2019-2020\/wp-json\/wp\/v2\/types\/post"}],"author":[{"embeddable":true,"href":"https:\/\/www.revista-insaiguaviva.org\/curs2019-2020\/wp-json\/wp\/v2\/users\/2"}],"replies":[{"embeddable":true,"href":"https:\/\/www.revista-insaiguaviva.org\/curs2019-2020\/wp-json\/wp\/v2\/comments?post=132"}],"version-history":[{"count":4,"href":"https:\/\/www.revista-insaiguaviva.org\/curs2019-2020\/wp-json\/wp\/v2\/posts\/132\/revisions"}],"predecessor-version":[{"id":136,"href":"https:\/\/www.revista-insaiguaviva.org\/curs2019-2020\/wp-json\/wp\/v2\/posts\/132\/revisions\/136"}],"wp:attachment":[{"href":"https:\/\/www.revista-insaiguaviva.org\/curs2019-2020\/wp-json\/wp\/v2\/media?parent=132"}],"wp:term":[{"taxonomy":"category","embeddable":true,"href":"https:\/\/www.revista-insaiguaviva.org\/curs2019-2020\/wp-json\/wp\/v2\/categories?post=132"},{"taxonomy":"post_tag","embeddable":true,"href":"https:\/\/www.revista-insaiguaviva.org\/curs2019-2020\/wp-json\/wp\/v2\/tags?post=132"}],"curies":[{"name":"wp","href":"https:\/\/api.w.org\/{rel}","templated":true}]}}