{"id":236,"date":"2019-11-20T23:33:38","date_gmt":"2019-11-20T21:33:38","guid":{"rendered":"https:\/\/www.revista-insaiguaviva.org\/curs2019-2020\/?p=236"},"modified":"2019-11-21T22:17:56","modified_gmt":"2019-11-21T20:17:56","slug":"decoracio-nadalenca","status":"publish","type":"post","link":"https:\/\/www.revista-insaiguaviva.org\/curs2019-2020\/2019\/11\/20\/decoracio-nadalenca\/","title":{"rendered":"Decoraci\u00f3 nadalenca"},"content":{"rendered":"\n<p>Els alumnes de 2n ESO que participen del Projecte Hort i Jard\u00ed preparen elements de decoraci\u00f3 nadalenca, aprofitant la flexibilitat de les branques tallades al jard\u00ed uns dies abans. Les branques s\u00f3n d&#8217;una esp\u00e8cie d&#8217;oleastre japon\u00e8s (Elaeagnus x ebbingei) i el lligam \u00e9s d&#8217;espart.<\/p>\n\n\n<p><iframe loading=\"lazy\" width=\"420\" height=\"300\" src=\"https:\/\/www.youtube.com\/embed\/oPoN5J9mJWo\" frameborder=\"0\" allow=\"accelerometer; autoplay; encrypted-media; gyroscope; picture-in-picture\" allowfullscreen><\/iframe><\/p>\n","protected":false},"excerpt":{"rendered":"<p>Els alumnes de 2n ESO que participen del Projecte Hort i Jard\u00ed preparen elements de decoraci\u00f3 nadalenca, aprofitant la flexibilitat de les branques tallades al jard\u00ed uns dies abans. Les branques s\u00f3n d&#8217;una esp\u00e8cie d&#8217;oleastre japon\u00e8s (Elaeagnus x ebbingei) i el lligam \u00e9s d&#8217;espart.<\/p>\n","protected":false},"author":2,"featured_media":0,"comment_status":"open","ping_status":"open","sticky":false,"template":"","format":"standard","meta":{"footnotes":""},"categories":[24],"tags":[],"class_list":["post-236","post","type-post","status-publish","format-standard","hentry","category-decoracio-nadalenca"],"_links":{"self":[{"href":"https:\/\/www.revista-insaiguaviva.org\/curs2019-2020\/wp-json\/wp\/v2\/posts\/236","targetHints":{"allow":["GET"]}}],"collection":[{"href":"https:\/\/www.revista-insaiguaviva.org\/curs2019-2020\/wp-json\/wp\/v2\/posts"}],"about":[{"href":"https:\/\/www.revista-insaiguaviva.org\/curs2019-2020\/wp-json\/wp\/v2\/types\/post"}],"author":[{"embeddable":true,"href":"https:\/\/www.revista-insaiguaviva.org\/curs2019-2020\/wp-json\/wp\/v2\/users\/2"}],"replies":[{"embeddable":true,"href":"https:\/\/www.revista-insaiguaviva.org\/curs2019-2020\/wp-json\/wp\/v2\/comments?post=236"}],"version-history":[{"count":6,"href":"https:\/\/www.revista-insaiguaviva.org\/curs2019-2020\/wp-json\/wp\/v2\/posts\/236\/revisions"}],"predecessor-version":[{"id":243,"href":"https:\/\/www.revista-insaiguaviva.org\/curs2019-2020\/wp-json\/wp\/v2\/posts\/236\/revisions\/243"}],"wp:attachment":[{"href":"https:\/\/www.revista-insaiguaviva.org\/curs2019-2020\/wp-json\/wp\/v2\/media?parent=236"}],"wp:term":[{"taxonomy":"category","embeddable":true,"href":"https:\/\/www.revista-insaiguaviva.org\/curs2019-2020\/wp-json\/wp\/v2\/categories?post=236"},{"taxonomy":"post_tag","embeddable":true,"href":"https:\/\/www.revista-insaiguaviva.org\/curs2019-2020\/wp-json\/wp\/v2\/tags?post=236"}],"curies":[{"name":"wp","href":"https:\/\/api.w.org\/{rel}","templated":true}]}}