{"id":299,"date":"2019-12-11T18:51:52","date_gmt":"2019-12-11T16:51:52","guid":{"rendered":"https:\/\/www.revista-insaiguaviva.org\/curs2019-2020\/?p=299"},"modified":"2019-12-15T19:34:26","modified_gmt":"2019-12-15T17:34:26","slug":"una-visita-especial-per-nadal","status":"publish","type":"post","link":"https:\/\/www.revista-insaiguaviva.org\/curs2019-2020\/2019\/12\/11\/una-visita-especial-per-nadal\/","title":{"rendered":"Una visita especial per Nadal"},"content":{"rendered":"\n<p> Aquests dies que ja tenim les festes nadalenques a tocar, a les classes de llengua oral per a l&#8217;alumnat nouvingut, hem rebut una visita molt especial! El Ti\u00f3! <\/p>\n\n\n\n<p>Ben aviat el farem cagar i de ben segur que ens deixar\u00e0 un regust ben dol\u00e7! <\/p>\n\n\n\n<figure class=\"wp-block-gallery columns-1 is-cropped wp-block-gallery-1 is-layout-flex wp-block-gallery-is-layout-flex\"><ul class=\"blocks-gallery-grid\"><li class=\"blocks-gallery-item\"><figure><img loading=\"lazy\" decoding=\"async\" width=\"1024\" height=\"605\" src=\"https:\/\/www.revista-insaiguaviva.org\/curs2019-2020\/wp-content\/uploads\/2019\/12\/ti\u00f3-1r-1024x605.jpg\" alt=\"\" data-id=\"301\" data-full-url=\"https:\/\/www.revista-insaiguaviva.org\/curs2019-2020\/wp-content\/uploads\/2019\/12\/ti\u00f3-1r.jpg\" data-link=\"https:\/\/www.revista-insaiguaviva.org\/curs2019-2020\/?attachment_id=301\" class=\"wp-image-301\" srcset=\"https:\/\/www.revista-insaiguaviva.org\/curs2019-2020\/wp-content\/uploads\/2019\/12\/ti\u00f3-1r-1024x605.jpg 1024w, https:\/\/www.revista-insaiguaviva.org\/curs2019-2020\/wp-content\/uploads\/2019\/12\/ti\u00f3-1r-300x177.jpg 300w, https:\/\/www.revista-insaiguaviva.org\/curs2019-2020\/wp-content\/uploads\/2019\/12\/ti\u00f3-1r-768x454.jpg 768w, https:\/\/www.revista-insaiguaviva.org\/curs2019-2020\/wp-content\/uploads\/2019\/12\/ti\u00f3-1r.jpg 1280w\" sizes=\"auto, (max-width: 767px) 89vw, (max-width: 1000px) 54vw, (max-width: 1071px) 543px, 580px\" \/><\/figure><\/li><\/ul><\/figure>\n\n\n\n<figure class=\"wp-block-image size-large\"><img loading=\"lazy\" decoding=\"async\" width=\"1024\" height=\"768\" src=\"https:\/\/www.revista-insaiguaviva.org\/curs2019-2020\/wp-content\/uploads\/2019\/12\/IMG_20191211_101024-1-1024x768.jpg\" alt=\"\" class=\"wp-image-302\" srcset=\"https:\/\/www.revista-insaiguaviva.org\/curs2019-2020\/wp-content\/uploads\/2019\/12\/IMG_20191211_101024-1-1024x768.jpg 1024w, https:\/\/www.revista-insaiguaviva.org\/curs2019-2020\/wp-content\/uploads\/2019\/12\/IMG_20191211_101024-1-300x225.jpg 300w, https:\/\/www.revista-insaiguaviva.org\/curs2019-2020\/wp-content\/uploads\/2019\/12\/IMG_20191211_101024-1-768x576.jpg 768w, https:\/\/www.revista-insaiguaviva.org\/curs2019-2020\/wp-content\/uploads\/2019\/12\/IMG_20191211_101024-1-1536x1152.jpg 1536w, https:\/\/www.revista-insaiguaviva.org\/curs2019-2020\/wp-content\/uploads\/2019\/12\/IMG_20191211_101024-1-2048x1536.jpg 2048w\" sizes=\"auto, (max-width: 767px) 89vw, (max-width: 1000px) 54vw, (max-width: 1071px) 543px, 580px\" \/><\/figure>\n\n\n\n<p><\/p>\n","protected":false},"excerpt":{"rendered":"<p>Aquests dies que ja tenim les festes nadalenques a tocar, a les classes de llengua oral per a l&#8217;alumnat nouvingut, hem rebut una visita molt especial! El Ti\u00f3! Ben aviat el farem cagar i de ben segur que ens deixar\u00e0 un regust ben dol\u00e7!<\/p>\n","protected":false},"author":2,"featured_media":0,"comment_status":"open","ping_status":"open","sticky":false,"template":"","format":"standard","meta":{"footnotes":""},"categories":[31],"tags":[],"class_list":["post-299","post","type-post","status-publish","format-standard","hentry","category-una-visita-especial-per-nadal"],"_links":{"self":[{"href":"https:\/\/www.revista-insaiguaviva.org\/curs2019-2020\/wp-json\/wp\/v2\/posts\/299","targetHints":{"allow":["GET"]}}],"collection":[{"href":"https:\/\/www.revista-insaiguaviva.org\/curs2019-2020\/wp-json\/wp\/v2\/posts"}],"about":[{"href":"https:\/\/www.revista-insaiguaviva.org\/curs2019-2020\/wp-json\/wp\/v2\/types\/post"}],"author":[{"embeddable":true,"href":"https:\/\/www.revista-insaiguaviva.org\/curs2019-2020\/wp-json\/wp\/v2\/users\/2"}],"replies":[{"embeddable":true,"href":"https:\/\/www.revista-insaiguaviva.org\/curs2019-2020\/wp-json\/wp\/v2\/comments?post=299"}],"version-history":[{"count":3,"href":"https:\/\/www.revista-insaiguaviva.org\/curs2019-2020\/wp-json\/wp\/v2\/posts\/299\/revisions"}],"predecessor-version":[{"id":314,"href":"https:\/\/www.revista-insaiguaviva.org\/curs2019-2020\/wp-json\/wp\/v2\/posts\/299\/revisions\/314"}],"wp:attachment":[{"href":"https:\/\/www.revista-insaiguaviva.org\/curs2019-2020\/wp-json\/wp\/v2\/media?parent=299"}],"wp:term":[{"taxonomy":"category","embeddable":true,"href":"https:\/\/www.revista-insaiguaviva.org\/curs2019-2020\/wp-json\/wp\/v2\/categories?post=299"},{"taxonomy":"post_tag","embeddable":true,"href":"https:\/\/www.revista-insaiguaviva.org\/curs2019-2020\/wp-json\/wp\/v2\/tags?post=299"}],"curies":[{"name":"wp","href":"https:\/\/api.w.org\/{rel}","templated":true}]}}