{"id":332,"date":"2019-12-20T18:44:37","date_gmt":"2019-12-20T16:44:37","guid":{"rendered":"https:\/\/www.revista-insaiguaviva.org\/curs2019-2020\/?p=332"},"modified":"2019-12-20T18:44:37","modified_gmt":"2019-12-20T16:44:37","slug":"xerrada-escola-i-empresa","status":"publish","type":"post","link":"https:\/\/www.revista-insaiguaviva.org\/curs2019-2020\/2019\/12\/20\/xerrada-escola-i-empresa\/","title":{"rendered":"Xerrada Escola i Empresa"},"content":{"rendered":"\n<p>El passat dijous,  19 de desembre, els alumnes de 4t de l&#8217;optativa d&#8217;Economia i els alumnes de 1r i 2n de Batxillerat d&#8217;Economia de l&#8217;Empresa i Economia van assistir\u00a0a una xerrada de la Fundaci\u00f3 Escola i Empresa. El ponent va ser el Sr. Joan Amig\u00f3, director financer de l&#8217;empresa Applus, que ens va parlar sobre la seva feina i sobre el m\u00f3n de l&#8217;empresa en general. Ha estat una xerrada molt interessant i esperem repetir!<\/p>\n\n\n\n<figure class=\"wp-block-gallery columns-2 is-cropped wp-block-gallery-1 is-layout-flex wp-block-gallery-is-layout-flex\"><ul class=\"blocks-gallery-grid\"><li class=\"blocks-gallery-item\"><figure><img loading=\"lazy\" decoding=\"async\" width=\"640\" height=\"480\" src=\"https:\/\/www.revista-insaiguaviva.org\/curs2019-2020\/wp-content\/uploads\/2019\/12\/image-1.png\" alt=\"\" data-id=\"333\" data-full-url=\"https:\/\/www.revista-insaiguaviva.org\/curs2019-2020\/wp-content\/uploads\/2019\/12\/image-1.png\" data-link=\"https:\/\/www.revista-insaiguaviva.org\/curs2019-2020\/?attachment_id=333\" class=\"wp-image-333\" srcset=\"https:\/\/www.revista-insaiguaviva.org\/curs2019-2020\/wp-content\/uploads\/2019\/12\/image-1.png 640w, https:\/\/www.revista-insaiguaviva.org\/curs2019-2020\/wp-content\/uploads\/2019\/12\/image-1-300x225.png 300w\" sizes=\"auto, (max-width: 640px) 100vw, 640px\" \/><\/figure><\/li><li class=\"blocks-gallery-item\"><figure><img loading=\"lazy\" decoding=\"async\" width=\"480\" height=\"640\" src=\"https:\/\/www.revista-insaiguaviva.org\/curs2019-2020\/wp-content\/uploads\/2019\/12\/image.png\" alt=\"\" data-id=\"334\" data-full-url=\"https:\/\/www.revista-insaiguaviva.org\/curs2019-2020\/wp-content\/uploads\/2019\/12\/image.png\" data-link=\"https:\/\/www.revista-insaiguaviva.org\/curs2019-2020\/?attachment_id=334\" class=\"wp-image-334\" srcset=\"https:\/\/www.revista-insaiguaviva.org\/curs2019-2020\/wp-content\/uploads\/2019\/12\/image.png 480w, https:\/\/www.revista-insaiguaviva.org\/curs2019-2020\/wp-content\/uploads\/2019\/12\/image-225x300.png 225w\" sizes=\"auto, (max-width: 480px) 100vw, 480px\" \/><\/figure><\/li><\/ul><\/figure>\n","protected":false},"excerpt":{"rendered":"<p>El passat dijous, 19 de desembre, els alumnes de 4t de l&#8217;optativa d&#8217;Economia i els alumnes de 1r i 2n de Batxillerat d&#8217;Economia de l&#8217;Empresa i Economia van assistir\u00a0a una xerrada de la Fundaci\u00f3 Escola i Empresa. El ponent va ser el Sr. Joan Amig\u00f3, director financer de l&#8217;empresa Applus, que ens va parlar sobre &hellip; <\/p>\n<p class=\"link-more\"><a href=\"https:\/\/www.revista-insaiguaviva.org\/curs2019-2020\/2019\/12\/20\/xerrada-escola-i-empresa\/\" class=\"more-link\">Continua llegint <span class=\"screen-reader-text\">\u00abXerrada Escola i Empresa\u00bb<\/span><\/a><\/p>\n","protected":false},"author":2,"featured_media":0,"comment_status":"open","ping_status":"open","sticky":false,"template":"","format":"standard","meta":{"footnotes":""},"categories":[36],"tags":[],"class_list":["post-332","post","type-post","status-publish","format-standard","hentry","category-xerrada-escola-i-empresa"],"_links":{"self":[{"href":"https:\/\/www.revista-insaiguaviva.org\/curs2019-2020\/wp-json\/wp\/v2\/posts\/332","targetHints":{"allow":["GET"]}}],"collection":[{"href":"https:\/\/www.revista-insaiguaviva.org\/curs2019-2020\/wp-json\/wp\/v2\/posts"}],"about":[{"href":"https:\/\/www.revista-insaiguaviva.org\/curs2019-2020\/wp-json\/wp\/v2\/types\/post"}],"author":[{"embeddable":true,"href":"https:\/\/www.revista-insaiguaviva.org\/curs2019-2020\/wp-json\/wp\/v2\/users\/2"}],"replies":[{"embeddable":true,"href":"https:\/\/www.revista-insaiguaviva.org\/curs2019-2020\/wp-json\/wp\/v2\/comments?post=332"}],"version-history":[{"count":1,"href":"https:\/\/www.revista-insaiguaviva.org\/curs2019-2020\/wp-json\/wp\/v2\/posts\/332\/revisions"}],"predecessor-version":[{"id":335,"href":"https:\/\/www.revista-insaiguaviva.org\/curs2019-2020\/wp-json\/wp\/v2\/posts\/332\/revisions\/335"}],"wp:attachment":[{"href":"https:\/\/www.revista-insaiguaviva.org\/curs2019-2020\/wp-json\/wp\/v2\/media?parent=332"}],"wp:term":[{"taxonomy":"category","embeddable":true,"href":"https:\/\/www.revista-insaiguaviva.org\/curs2019-2020\/wp-json\/wp\/v2\/categories?post=332"},{"taxonomy":"post_tag","embeddable":true,"href":"https:\/\/www.revista-insaiguaviva.org\/curs2019-2020\/wp-json\/wp\/v2\/tags?post=332"}],"curies":[{"name":"wp","href":"https:\/\/api.w.org\/{rel}","templated":true}]}}