{"id":359,"date":"2020-01-12T21:08:10","date_gmt":"2020-01-12T19:08:10","guid":{"rendered":"https:\/\/www.revista-insaiguaviva.org\/curs2019-2020\/?p=359"},"modified":"2020-01-12T21:10:26","modified_gmt":"2020-01-12T19:10:26","slug":"primera-sessio-del-servei-comunitari-explica-mho-tu","status":"publish","type":"post","link":"https:\/\/www.revista-insaiguaviva.org\/curs2019-2020\/2020\/01\/12\/primera-sessio-del-servei-comunitari-explica-mho-tu\/","title":{"rendered":"Primera sessi\u00f3 del Servei Comunitari Explica-m&#8217;ho tu"},"content":{"rendered":"\n<p>El passat divendres, 10 de gener, els alumnes de 3r d&#8217;ESO que participen en el Servei Comunitari <em>Explica-m&#8217;ho tu<\/em> van realitzar la primera sessi\u00f3 amb els alumnes de segon curs de l&#8217;escola Sant Vicen\u00e7.<\/p>\n\n\n\n<figure class=\"wp-block-image size-large\"><img loading=\"lazy\" decoding=\"async\" width=\"1024\" height=\"768\" src=\"https:\/\/www.revista-insaiguaviva.org\/curs2019-2020\/wp-content\/uploads\/2020\/01\/20200110_152524-1024x768.jpg\" alt=\"\" class=\"wp-image-360\" srcset=\"https:\/\/www.revista-insaiguaviva.org\/curs2019-2020\/wp-content\/uploads\/2020\/01\/20200110_152524-1024x768.jpg 1024w, https:\/\/www.revista-insaiguaviva.org\/curs2019-2020\/wp-content\/uploads\/2020\/01\/20200110_152524-300x225.jpg 300w, https:\/\/www.revista-insaiguaviva.org\/curs2019-2020\/wp-content\/uploads\/2020\/01\/20200110_152524-768x576.jpg 768w, https:\/\/www.revista-insaiguaviva.org\/curs2019-2020\/wp-content\/uploads\/2020\/01\/20200110_152524-1536x1152.jpg 1536w, https:\/\/www.revista-insaiguaviva.org\/curs2019-2020\/wp-content\/uploads\/2020\/01\/20200110_152524-2048x1536.jpg 2048w\" sizes=\"auto, (max-width: 767px) 89vw, (max-width: 1000px) 54vw, (max-width: 1071px) 543px, 580px\" \/><\/figure>\n\n\n\n<p>Podeu veure algunes fotografies m\u00e9s clicant <a href=\"https:\/\/photos.app.goo.gl\/NVaSv5zBqobdDVEH7\" target=\"_blank\" rel=\"noreferrer noopener\" aria-label=\"aqu\u00ed.  (s'obre en una nova pestanya)\">aqu\u00ed. <\/a><\/p>\n","protected":false},"excerpt":{"rendered":"<p>El passat divendres, 10 de gener, els alumnes de 3r d&#8217;ESO que participen en el Servei Comunitari Explica-m&#8217;ho tu van realitzar la primera sessi\u00f3 amb els alumnes de segon curs de l&#8217;escola Sant Vicen\u00e7. Podeu veure algunes fotografies m\u00e9s clicant aqu\u00ed.<\/p>\n","protected":false},"author":2,"featured_media":0,"comment_status":"open","ping_status":"open","sticky":false,"template":"","format":"standard","meta":{"footnotes":""},"categories":[39,38],"tags":[],"class_list":["post-359","post","type-post","status-publish","format-standard","hentry","category-explica-mho-tu-3-eso-1a-sessio","category-servei-comunitari-explica-mho-tu"],"_links":{"self":[{"href":"https:\/\/www.revista-insaiguaviva.org\/curs2019-2020\/wp-json\/wp\/v2\/posts\/359","targetHints":{"allow":["GET"]}}],"collection":[{"href":"https:\/\/www.revista-insaiguaviva.org\/curs2019-2020\/wp-json\/wp\/v2\/posts"}],"about":[{"href":"https:\/\/www.revista-insaiguaviva.org\/curs2019-2020\/wp-json\/wp\/v2\/types\/post"}],"author":[{"embeddable":true,"href":"https:\/\/www.revista-insaiguaviva.org\/curs2019-2020\/wp-json\/wp\/v2\/users\/2"}],"replies":[{"embeddable":true,"href":"https:\/\/www.revista-insaiguaviva.org\/curs2019-2020\/wp-json\/wp\/v2\/comments?post=359"}],"version-history":[{"count":2,"href":"https:\/\/www.revista-insaiguaviva.org\/curs2019-2020\/wp-json\/wp\/v2\/posts\/359\/revisions"}],"predecessor-version":[{"id":362,"href":"https:\/\/www.revista-insaiguaviva.org\/curs2019-2020\/wp-json\/wp\/v2\/posts\/359\/revisions\/362"}],"wp:attachment":[{"href":"https:\/\/www.revista-insaiguaviva.org\/curs2019-2020\/wp-json\/wp\/v2\/media?parent=359"}],"wp:term":[{"taxonomy":"category","embeddable":true,"href":"https:\/\/www.revista-insaiguaviva.org\/curs2019-2020\/wp-json\/wp\/v2\/categories?post=359"},{"taxonomy":"post_tag","embeddable":true,"href":"https:\/\/www.revista-insaiguaviva.org\/curs2019-2020\/wp-json\/wp\/v2\/tags?post=359"}],"curies":[{"name":"wp","href":"https:\/\/api.w.org\/{rel}","templated":true}]}}