{"id":388,"date":"2020-02-07T21:53:38","date_gmt":"2020-02-07T19:53:38","guid":{"rendered":"https:\/\/www.revista-insaiguaviva.org\/curs2019-2020\/?p=388"},"modified":"2020-02-08T11:38:08","modified_gmt":"2020-02-08T09:38:08","slug":"ruta-de-lexili","status":"publish","type":"post","link":"https:\/\/www.revista-insaiguaviva.org\/curs2019-2020\/2020\/02\/07\/ruta-de-lexili\/","title":{"rendered":"Ruta de l&#8217;exili"},"content":{"rendered":"\n<p>El 29 de gener  els alumnes de 4t d&#8217;ESO vam anar a Fran\u00e7a a visitar la Maternitat d\u2019Elna, on l\u2019Assumpta Montell\u00e0, una historiadora y escriptora catalana, ens va explicar la hist\u00f2ria de l\u2019Elisabeth Eidenbenz i com va treballar dur fins al final per crear La Maternitat d\u2019Elna.<\/p>\n\n\n\n<p>La Maternitat era una instituci\u00f3 humanit\u00e0ria dedicada a ajudar a totes aquelles mares exiliades del camps de concentraci\u00f3 que vivien en un estat lamentable i en condicions inhumanes, on havien de parir, moltes vegades, sabent que el seu nad\u00f3 moriria. A vegades, fins i tot, havien d\u2019enterrar els seus fills a la sorra deixant nom\u00e9s el cap a fora per tal de mantenir-los calents i no morir d\u2019hipot\u00e8rmia a causa de la forta tramuntana que hi havia.<\/p>\n\n\n\n<p>La Maternitat estava situada en el terme comunal d&#8217;Elna, a la comarca del Rossell\u00f3; va ser fundada el novembre del 1939 per l\u2019Elisabeth Eidenbenz. Hi van n\u00e9ixer uns 600 nens, fills de refugiades de la Guerra Civil espanyola que estaven internades en els camps propers a Elna, que va deixar de funcionar l&#8217;any 1944, quan els nazis la van tancar durant l&#8217;ocupaci\u00f3 de Fran\u00e7a.<\/p>\n\n\n\n<p>Quan vam arribar, l\u2019Assumpta ens va posar una entrevista que va fer a l\u2019Elisabeth, on ens explicava tot el que havia fet per ajudar a tanta gent i donar l\u2019oportunitat de viure a molts nadons que sense ella, segurament, haguessin mort.&nbsp;<\/p>\n\n\n\n<p>Despr\u00e9s ens va ensenyar la maternitat on hi havia fotografies amb explicacions sobre el que havia passat all\u00e0 dins i com havia estat la vida de les mares i criatures en aquella casa.<\/p>\n\n\n\n<p>Quan vam acabar la visita a la Maternitat,  vam anar a la platja d\u2019Argelers on ens va explicar la hist\u00f2ria d\u2019un home exiliat que va haver de patir moltes tortures i humiliacions en aquella platja i que, encara que fos lliure, mai va marxar d\u2019Argelers.&nbsp;<\/p>\n\n\n\n<p>Tamb\u00e9 vam rendir un homenatge a tots els exiliats que van morir en aquell terrible camp de concentraci\u00f3.<\/p>\n\n\n\n<p>Seguidament, vam anar a Cotlliure a dinar davant d\u2019una platja molt bonica amb un ambient relaxat i, havent dinat, vam visitar la tomba de Machado. All\u00e0 l\u2019Assumpta ens va explicar la seva hist\u00f2ria, tot el que li va passar a ell i a la seva fam\u00edlia pel simple fet de ser exiliat. El que m\u00e9s ens va sorprendre va ser que baixaven d\u2019un en un a dinar perqu\u00e8 nom\u00e9s tenien roba per vestir a una persona de la fam\u00edlia. Davant la seva tomba vam llegir uns quants poemes seus per recordar-lo.<\/p>\n\n\n\n<p>Finalment, vam tornar a casa despr\u00e9s d\u2019una llarga i preciosa jornada.<\/p>\n\n\n\n<p>Agra\u00efm a l\u2019Assumpta tot el que ha fet al llarg de la seva vida per ajudar a recordar i guardar el que va passar en aquells temps tan dif\u00edcils; per haver-nos-ho explicat amb tanta emoci\u00f3 i sentiment i, el m\u00e9s important, per posar-nos en la pell de les persones exiliades per un moment.&nbsp;&nbsp;<\/p>\n\n\n\n<p class=\"has-text-align-right\">Sara El Kharroubi, Iratxe Mulero i Marta Zafra &#8211; 4t D<\/p>\n\n\n\n<figure class=\"wp-block-embed-youtube wp-block-embed is-type-video is-provider-youtube wp-embed-aspect-16-9 wp-has-aspect-ratio\"><div class=\"wp-block-embed__wrapper\">\nhttps:\/\/youtu.be\/oYlxPz0rzaA\n<\/div><\/figure>\n\n\n\n<figure class=\"wp-block-embed-youtube wp-block-embed is-type-video is-provider-youtube wp-embed-aspect-16-9 wp-has-aspect-ratio\"><div class=\"wp-block-embed__wrapper\">\nhttps:\/\/youtu.be\/vUOtfFBqKnk\n<\/div><\/figure>\n\n\n\n<p>Podeu veure les fotografies clicant <a href=\"https:\/\/photos.app.goo.gl\/Hh94dap3nEF2V2tH8\" target=\"_blank\" rel=\"noreferrer noopener\" aria-label=\"aqu\u00ed.  (s'obre en una nova pestanya)\">aqu\u00ed. <\/a><\/p>\n","protected":false},"excerpt":{"rendered":"<p>El 29 de gener els alumnes de 4t d&#8217;ESO vam anar a Fran\u00e7a a visitar la Maternitat d\u2019Elna, on l\u2019Assumpta Montell\u00e0, una historiadora y escriptora catalana, ens va explicar la hist\u00f2ria de l\u2019Elisabeth Eidenbenz i com va treballar dur fins al final per crear La Maternitat d\u2019Elna. La Maternitat era una instituci\u00f3 humanit\u00e0ria dedicada a &hellip; <\/p>\n<p class=\"link-more\"><a href=\"https:\/\/www.revista-insaiguaviva.org\/curs2019-2020\/2020\/02\/07\/ruta-de-lexili\/\" class=\"more-link\">Continua llegint <span class=\"screen-reader-text\">\u00abRuta de l&#8217;exili\u00bb<\/span><\/a><\/p>\n","protected":false},"author":2,"featured_media":0,"comment_status":"open","ping_status":"open","sticky":false,"template":"","format":"standard","meta":{"footnotes":""},"categories":[41],"tags":[],"class_list":["post-388","post","type-post","status-publish","format-standard","hentry","category-ruta-de-lexili-4-eso"],"_links":{"self":[{"href":"https:\/\/www.revista-insaiguaviva.org\/curs2019-2020\/wp-json\/wp\/v2\/posts\/388","targetHints":{"allow":["GET"]}}],"collection":[{"href":"https:\/\/www.revista-insaiguaviva.org\/curs2019-2020\/wp-json\/wp\/v2\/posts"}],"about":[{"href":"https:\/\/www.revista-insaiguaviva.org\/curs2019-2020\/wp-json\/wp\/v2\/types\/post"}],"author":[{"embeddable":true,"href":"https:\/\/www.revista-insaiguaviva.org\/curs2019-2020\/wp-json\/wp\/v2\/users\/2"}],"replies":[{"embeddable":true,"href":"https:\/\/www.revista-insaiguaviva.org\/curs2019-2020\/wp-json\/wp\/v2\/comments?post=388"}],"version-history":[{"count":9,"href":"https:\/\/www.revista-insaiguaviva.org\/curs2019-2020\/wp-json\/wp\/v2\/posts\/388\/revisions"}],"predecessor-version":[{"id":398,"href":"https:\/\/www.revista-insaiguaviva.org\/curs2019-2020\/wp-json\/wp\/v2\/posts\/388\/revisions\/398"}],"wp:attachment":[{"href":"https:\/\/www.revista-insaiguaviva.org\/curs2019-2020\/wp-json\/wp\/v2\/media?parent=388"}],"wp:term":[{"taxonomy":"category","embeddable":true,"href":"https:\/\/www.revista-insaiguaviva.org\/curs2019-2020\/wp-json\/wp\/v2\/categories?post=388"},{"taxonomy":"post_tag","embeddable":true,"href":"https:\/\/www.revista-insaiguaviva.org\/curs2019-2020\/wp-json\/wp\/v2\/tags?post=388"}],"curies":[{"name":"wp","href":"https:\/\/api.w.org\/{rel}","templated":true}]}}