{"id":402,"date":"2020-02-11T21:24:56","date_gmt":"2020-02-11T19:24:56","guid":{"rendered":"https:\/\/www.revista-insaiguaviva.org\/curs2019-2020\/?p=402"},"modified":"2020-02-11T23:11:26","modified_gmt":"2020-02-11T21:11:26","slug":"dia-internacional-de-les-dones-i-les-nenes-en-la-ciencia","status":"publish","type":"post","link":"https:\/\/www.revista-insaiguaviva.org\/curs2019-2020\/2020\/02\/11\/dia-internacional-de-les-dones-i-les-nenes-en-la-ciencia\/","title":{"rendered":"Dia Internacional de les Dones i les Nenes en la Ci\u00e8ncia"},"content":{"rendered":"\n<p>Avui, amb motiu del Dia Internacional de les Dones i les Nenes en la Ci\u00e8ncia, els alumnes de 4t curs d&#8217;ESO han assistit a una xerrada sobre &#8220;Sostenibilitat gen\u00e8tica i agricultura per a un m\u00f3n sostenible&#8221; a c\u00e0rrec de la Sra. M. Jos\u00e9 Aranzana, investigadora de l&#8217;IRTA al Centre de Recerca Agrigen\u00f2mica de Bellaterra&nbsp;(CRAG).<\/p>\n\n\n\n<p>La investigadora Maria Jos\u00e9 Aranzana \u00e9s Doctora Enginyera Agr\u00f2noma. Va fer el doctorat a la Universitat del Sur de Calif\u00f2rnia. El 2005 es va incorporar  l\u2019Institut de Recerca i Tecnologia Agroaliment\u00e0ries (IRTA) on investiga sobre gen\u00e8tica de fruitals. <\/p>\n\n\n\n<p>I \u00e9s una comunicadora excel.lent!<\/p>\n\n\n\n<figure class=\"wp-block-gallery columns-2 is-cropped wp-block-gallery-1 is-layout-flex wp-block-gallery-is-layout-flex\"><ul class=\"blocks-gallery-grid\"><li class=\"blocks-gallery-item\"><figure><img loading=\"lazy\" decoding=\"async\" width=\"578\" height=\"1024\" src=\"https:\/\/www.revista-insaiguaviva.org\/curs2019-2020\/wp-content\/uploads\/2020\/02\/IMG-20200211-WA0023-1-578x1024.jpg\" alt=\"\" data-id=\"407\" data-link=\"https:\/\/www.revista-insaiguaviva.org\/curs2019-2020\/2020\/02\/11\/dia-internacional-de-les-dones-i-les-nenes-en-la-ciencia\/img-20200211-wa0023-1\/\" class=\"wp-image-407\" srcset=\"https:\/\/www.revista-insaiguaviva.org\/curs2019-2020\/wp-content\/uploads\/2020\/02\/IMG-20200211-WA0023-1-578x1024.jpg 578w, https:\/\/www.revista-insaiguaviva.org\/curs2019-2020\/wp-content\/uploads\/2020\/02\/IMG-20200211-WA0023-1-169x300.jpg 169w, https:\/\/www.revista-insaiguaviva.org\/curs2019-2020\/wp-content\/uploads\/2020\/02\/IMG-20200211-WA0023-1-768x1361.jpg 768w, https:\/\/www.revista-insaiguaviva.org\/curs2019-2020\/wp-content\/uploads\/2020\/02\/IMG-20200211-WA0023-1-867x1536.jpg 867w, https:\/\/www.revista-insaiguaviva.org\/curs2019-2020\/wp-content\/uploads\/2020\/02\/IMG-20200211-WA0023-1.jpg 903w\" sizes=\"auto, (max-width: 578px) 100vw, 578px\" \/><\/figure><\/li><li class=\"blocks-gallery-item\"><figure><img loading=\"lazy\" decoding=\"async\" width=\"578\" height=\"1024\" src=\"https:\/\/www.revista-insaiguaviva.org\/curs2019-2020\/wp-content\/uploads\/2020\/02\/IMG-20200211-WA0025-1-578x1024.jpg\" alt=\"\" data-id=\"408\" data-link=\"https:\/\/www.revista-insaiguaviva.org\/curs2019-2020\/2020\/02\/11\/dia-internacional-de-les-dones-i-les-nenes-en-la-ciencia\/img-20200211-wa0025-1\/\" class=\"wp-image-408\" srcset=\"https:\/\/www.revista-insaiguaviva.org\/curs2019-2020\/wp-content\/uploads\/2020\/02\/IMG-20200211-WA0025-1-578x1024.jpg 578w, https:\/\/www.revista-insaiguaviva.org\/curs2019-2020\/wp-content\/uploads\/2020\/02\/IMG-20200211-WA0025-1-169x300.jpg 169w, https:\/\/www.revista-insaiguaviva.org\/curs2019-2020\/wp-content\/uploads\/2020\/02\/IMG-20200211-WA0025-1-768x1361.jpg 768w, https:\/\/www.revista-insaiguaviva.org\/curs2019-2020\/wp-content\/uploads\/2020\/02\/IMG-20200211-WA0025-1-867x1536.jpg 867w, https:\/\/www.revista-insaiguaviva.org\/curs2019-2020\/wp-content\/uploads\/2020\/02\/IMG-20200211-WA0025-1.jpg 903w\" sizes=\"auto, (max-width: 578px) 100vw, 578px\" \/><\/figure><\/li><\/ul><\/figure>\n\n\n\n<div class=\"wp-block-group is-layout-flow wp-block-group-is-layout-flow\"><div class=\"wp-block-group__inner-container\"><\/div><\/div>\n\n\n\n<figure class=\"wp-block-gallery columns-1 is-cropped wp-block-gallery-2 is-layout-flex wp-block-gallery-is-layout-flex\"><ul class=\"blocks-gallery-grid\"><li class=\"blocks-gallery-item\"><figure><img loading=\"lazy\" decoding=\"async\" width=\"1024\" height=\"578\" src=\"https:\/\/www.revista-insaiguaviva.org\/curs2019-2020\/wp-content\/uploads\/2020\/02\/IMG-20200211-WA0028-1024x578.jpg\" alt=\"\" data-id=\"409\" data-full-url=\"https:\/\/www.revista-insaiguaviva.org\/curs2019-2020\/wp-content\/uploads\/2020\/02\/IMG-20200211-WA0028.jpg\" data-link=\"https:\/\/www.revista-insaiguaviva.org\/curs2019-2020\/2020\/02\/11\/dia-internacional-de-les-dones-i-les-nenes-en-la-ciencia\/img-20200211-wa0028\/\" class=\"wp-image-409\" srcset=\"https:\/\/www.revista-insaiguaviva.org\/curs2019-2020\/wp-content\/uploads\/2020\/02\/IMG-20200211-WA0028-1024x578.jpg 1024w, https:\/\/www.revista-insaiguaviva.org\/curs2019-2020\/wp-content\/uploads\/2020\/02\/IMG-20200211-WA0028-300x169.jpg 300w, https:\/\/www.revista-insaiguaviva.org\/curs2019-2020\/wp-content\/uploads\/2020\/02\/IMG-20200211-WA0028-768x433.jpg 768w, https:\/\/www.revista-insaiguaviva.org\/curs2019-2020\/wp-content\/uploads\/2020\/02\/IMG-20200211-WA0028-1536x867.jpg 1536w, https:\/\/www.revista-insaiguaviva.org\/curs2019-2020\/wp-content\/uploads\/2020\/02\/IMG-20200211-WA0028.jpg 1600w\" sizes=\"auto, (max-width: 767px) 89vw, (max-width: 1000px) 54vw, (max-width: 1071px) 543px, 580px\" \/><\/figure><\/li><\/ul><\/figure>\n\n\n\n<p>Podeu veure m\u00e9s fotografies clicant <a href=\"https:\/\/photos.app.goo.gl\/DcphJehZvyxX2rKJA\" target=\"_blank\" rel=\"noreferrer noopener\" aria-label=\"aqu\u00ed.  (s'obre en una nova pestanya)\">aqu\u00ed. <\/a><\/p>\n","protected":false},"excerpt":{"rendered":"<p>Avui, amb motiu del Dia Internacional de les Dones i les Nenes en la Ci\u00e8ncia, els alumnes de 4t curs d&#8217;ESO han assistit a una xerrada sobre &#8220;Sostenibilitat gen\u00e8tica i agricultura per a un m\u00f3n sostenible&#8221; a c\u00e0rrec de la Sra. M. Jos\u00e9 Aranzana, investigadora de l&#8217;IRTA al Centre de Recerca Agrigen\u00f2mica de Bellaterra&nbsp;(CRAG). La &hellip; <\/p>\n<p class=\"link-more\"><a href=\"https:\/\/www.revista-insaiguaviva.org\/curs2019-2020\/2020\/02\/11\/dia-internacional-de-les-dones-i-les-nenes-en-la-ciencia\/\" class=\"more-link\">Continua llegint <span class=\"screen-reader-text\">\u00abDia Internacional de les Dones i les Nenes en la Ci\u00e8ncia\u00bb<\/span><\/a><\/p>\n","protected":false},"author":2,"featured_media":0,"comment_status":"open","ping_status":"open","sticky":false,"template":"","format":"standard","meta":{"footnotes":""},"categories":[44],"tags":[],"class_list":["post-402","post","type-post","status-publish","format-standard","hentry","category-dia-internacional-de-les-dones-i-les-nenes-en-la-ciencia"],"_links":{"self":[{"href":"https:\/\/www.revista-insaiguaviva.org\/curs2019-2020\/wp-json\/wp\/v2\/posts\/402","targetHints":{"allow":["GET"]}}],"collection":[{"href":"https:\/\/www.revista-insaiguaviva.org\/curs2019-2020\/wp-json\/wp\/v2\/posts"}],"about":[{"href":"https:\/\/www.revista-insaiguaviva.org\/curs2019-2020\/wp-json\/wp\/v2\/types\/post"}],"author":[{"embeddable":true,"href":"https:\/\/www.revista-insaiguaviva.org\/curs2019-2020\/wp-json\/wp\/v2\/users\/2"}],"replies":[{"embeddable":true,"href":"https:\/\/www.revista-insaiguaviva.org\/curs2019-2020\/wp-json\/wp\/v2\/comments?post=402"}],"version-history":[{"count":6,"href":"https:\/\/www.revista-insaiguaviva.org\/curs2019-2020\/wp-json\/wp\/v2\/posts\/402\/revisions"}],"predecessor-version":[{"id":416,"href":"https:\/\/www.revista-insaiguaviva.org\/curs2019-2020\/wp-json\/wp\/v2\/posts\/402\/revisions\/416"}],"wp:attachment":[{"href":"https:\/\/www.revista-insaiguaviva.org\/curs2019-2020\/wp-json\/wp\/v2\/media?parent=402"}],"wp:term":[{"taxonomy":"category","embeddable":true,"href":"https:\/\/www.revista-insaiguaviva.org\/curs2019-2020\/wp-json\/wp\/v2\/categories?post=402"},{"taxonomy":"post_tag","embeddable":true,"href":"https:\/\/www.revista-insaiguaviva.org\/curs2019-2020\/wp-json\/wp\/v2\/tags?post=402"}],"curies":[{"name":"wp","href":"https:\/\/api.w.org\/{rel}","templated":true}]}}