{"id":434,"date":"2020-02-23T23:01:10","date_gmt":"2020-02-23T21:01:10","guid":{"rendered":"https:\/\/www.revista-insaiguaviva.org\/curs2019-2020\/?p=434"},"modified":"2020-02-23T23:01:10","modified_gmt":"2020-02-23T21:01:10","slug":"granollers-ciutat-de-bombardejos","status":"publish","type":"post","link":"https:\/\/www.revista-insaiguaviva.org\/curs2019-2020\/2020\/02\/23\/granollers-ciutat-de-bombardejos\/","title":{"rendered":"Granollers, ciutat de bombardejos"},"content":{"rendered":"\n<p>El dia 14 de febrer els alumnes de 1r de batxillerat human\u00edstic-social han visitat Granollers per participar de l&#8217;activitat <em>Granollers ciutat de bombardejos<\/em>.<\/p>\n\n\n\n<p>La visita ha comen\u00e7at amb el visionat d&#8217;un filmet sobre el bombardeig del 31 de maig de 1938 per part de l&#8217;aviaci\u00f3 italiana que donava suport als colpistes que s\u2019havien aixecat\u00a0contra el govern de la II Rep\u00fablica.\u00a0<\/p>\n\n\n\n<p>Seguidament s&#8217;han visitat diversos punts de la ciutat en un recorregut pels llocs afectats pel bombardeig i hem baixat al refugi antiaeri de la pla\u00e7a\u00a0Maluquer i Salvador, construit per defensar\u00a0 la poblaci\u00f3 de futurs atacs durant la Guerra Civil.<\/p>\n\n\n\n<p>Per \u00faltim a Can Can Jonch, Centre de\u00a0Cultura per la Pau, que t\u00e9 com a punt fonamental fomentar la cultura de\u00a0la pau i la presa de consci\u00e8ncia de les llibertats que gaudim actualment, s\u2019acaba de completar tota l\u2019explicaci\u00f3 amb una petita exposici\u00f3 sobre els fets de la Guerra i el que es fa ara perqu\u00e8 no\u00a0tornin a succeir aquests fets.<\/p>\n\n\n\n<figure class=\"wp-block-image size-large\"><img loading=\"lazy\" decoding=\"async\" width=\"1024\" height=\"768\" src=\"https:\/\/www.revista-insaiguaviva.org\/curs2019-2020\/wp-content\/uploads\/2020\/02\/IMG_20200214_100805-1024x768.jpg\" alt=\"\" class=\"wp-image-435\" srcset=\"https:\/\/www.revista-insaiguaviva.org\/curs2019-2020\/wp-content\/uploads\/2020\/02\/IMG_20200214_100805-1024x768.jpg 1024w, https:\/\/www.revista-insaiguaviva.org\/curs2019-2020\/wp-content\/uploads\/2020\/02\/IMG_20200214_100805-300x225.jpg 300w, https:\/\/www.revista-insaiguaviva.org\/curs2019-2020\/wp-content\/uploads\/2020\/02\/IMG_20200214_100805-768x576.jpg 768w, https:\/\/www.revista-insaiguaviva.org\/curs2019-2020\/wp-content\/uploads\/2020\/02\/IMG_20200214_100805-1536x1152.jpg 1536w, https:\/\/www.revista-insaiguaviva.org\/curs2019-2020\/wp-content\/uploads\/2020\/02\/IMG_20200214_100805-2048x1536.jpg 2048w\" sizes=\"auto, (max-width: 767px) 89vw, (max-width: 1000px) 54vw, (max-width: 1071px) 543px, 580px\" \/><\/figure>\n\n\n\n<p>Podeu veure m\u00e9s fotografies cilcant <a href=\"https:\/\/photos.app.goo.gl\/Jdyz24NV11f9dCu7A\" target=\"_blank\" rel=\"noreferrer noopener\" aria-label=\"aqu\u00ed.  (s'obre en una nova pestanya)\">aqu\u00ed. <\/a><br><\/p>\n","protected":false},"excerpt":{"rendered":"<p>El dia 14 de febrer els alumnes de 1r de batxillerat human\u00edstic-social han visitat Granollers per participar de l&#8217;activitat Granollers ciutat de bombardejos. La visita ha comen\u00e7at amb el visionat d&#8217;un filmet sobre el bombardeig del 31 de maig de 1938 per part de l&#8217;aviaci\u00f3 italiana que donava suport als colpistes que s\u2019havien aixecat\u00a0contra el &hellip; <\/p>\n<p class=\"link-more\"><a href=\"https:\/\/www.revista-insaiguaviva.org\/curs2019-2020\/2020\/02\/23\/granollers-ciutat-de-bombardejos\/\" class=\"more-link\">Continua llegint <span class=\"screen-reader-text\">\u00abGranollers, ciutat de bombardejos\u00bb<\/span><\/a><\/p>\n","protected":false},"author":2,"featured_media":0,"comment_status":"open","ping_status":"open","sticky":false,"template":"","format":"standard","meta":{"footnotes":""},"categories":[47],"tags":[],"class_list":["post-434","post","type-post","status-publish","format-standard","hentry","category-granollers-ciutat-de-bombardejos-1-btx"],"_links":{"self":[{"href":"https:\/\/www.revista-insaiguaviva.org\/curs2019-2020\/wp-json\/wp\/v2\/posts\/434","targetHints":{"allow":["GET"]}}],"collection":[{"href":"https:\/\/www.revista-insaiguaviva.org\/curs2019-2020\/wp-json\/wp\/v2\/posts"}],"about":[{"href":"https:\/\/www.revista-insaiguaviva.org\/curs2019-2020\/wp-json\/wp\/v2\/types\/post"}],"author":[{"embeddable":true,"href":"https:\/\/www.revista-insaiguaviva.org\/curs2019-2020\/wp-json\/wp\/v2\/users\/2"}],"replies":[{"embeddable":true,"href":"https:\/\/www.revista-insaiguaviva.org\/curs2019-2020\/wp-json\/wp\/v2\/comments?post=434"}],"version-history":[{"count":1,"href":"https:\/\/www.revista-insaiguaviva.org\/curs2019-2020\/wp-json\/wp\/v2\/posts\/434\/revisions"}],"predecessor-version":[{"id":436,"href":"https:\/\/www.revista-insaiguaviva.org\/curs2019-2020\/wp-json\/wp\/v2\/posts\/434\/revisions\/436"}],"wp:attachment":[{"href":"https:\/\/www.revista-insaiguaviva.org\/curs2019-2020\/wp-json\/wp\/v2\/media?parent=434"}],"wp:term":[{"taxonomy":"category","embeddable":true,"href":"https:\/\/www.revista-insaiguaviva.org\/curs2019-2020\/wp-json\/wp\/v2\/categories?post=434"},{"taxonomy":"post_tag","embeddable":true,"href":"https:\/\/www.revista-insaiguaviva.org\/curs2019-2020\/wp-json\/wp\/v2\/tags?post=434"}],"curies":[{"name":"wp","href":"https:\/\/api.w.org\/{rel}","templated":true}]}}