{"id":465,"date":"2020-02-28T22:21:22","date_gmt":"2020-02-28T20:21:22","guid":{"rendered":"https:\/\/www.revista-insaiguaviva.org\/curs2019-2020\/?p=465"},"modified":"2020-02-28T22:24:03","modified_gmt":"2020-02-28T20:24:03","slug":"dia-internacional-de-les-llengues-maternes","status":"publish","type":"post","link":"https:\/\/www.revista-insaiguaviva.org\/curs2019-2020\/2020\/02\/28\/dia-internacional-de-les-llengues-maternes\/","title":{"rendered":"DIA INTERNACIONAL DE LES LLENG\u00dcES MATERNES"},"content":{"rendered":"\n<p>La UNESCO va proclamar l\u2019any 2000 el dia 21 de febrer com a Dia Internacional de la Llengua Materna, per commemorar la mort d\u2019estudiants que es manifestaven en defensa de la seva llengua, el bangla, a Dhaka (Paquistan), l\u2019any 1952.<\/p>\n\n\n\n<p>A l&#8217;institut hi conviu alumnat de proced\u00e8ncia diversa, amb un patrimoni ling\u00fc\u00edstic important i variat que aix\u00f2 comporta.<\/p>\n\n\n\n<p>Volem fer un petit homenatge a aquesta diversitat per celebrar el Dia internacional de les lleng\u00fces maternes i per aquest motiu, les noies i nois de 2n C i 3r D hem fet una petita exposici\u00f3 al nostre institut. Us n&#8217;adjuntem una mostra.<\/p>\n\n\n\n<figure class=\"wp-block-embed-youtube wp-block-embed is-type-video is-provider-youtube wp-embed-aspect-16-9 wp-has-aspect-ratio\"><div class=\"wp-block-embed__wrapper\">\nhttps:\/\/youtu.be\/0haeqYJgl-w\n<\/div><\/figure>\n","protected":false},"excerpt":{"rendered":"<p>La UNESCO va proclamar l\u2019any 2000 el dia 21 de febrer com a Dia Internacional de la Llengua Materna, per commemorar la mort d\u2019estudiants que es manifestaven en defensa de la seva llengua, el bangla, a Dhaka (Paquistan), l\u2019any 1952. A l&#8217;institut hi conviu alumnat de proced\u00e8ncia diversa, amb un patrimoni ling\u00fc\u00edstic important i variat &hellip; <\/p>\n<p class=\"link-more\"><a href=\"https:\/\/www.revista-insaiguaviva.org\/curs2019-2020\/2020\/02\/28\/dia-internacional-de-les-llengues-maternes\/\" class=\"more-link\">Continua llegint <span class=\"screen-reader-text\">\u00abDIA INTERNACIONAL DE LES LLENG\u00dcES MATERNES\u00bb<\/span><\/a><\/p>\n","protected":false},"author":2,"featured_media":0,"comment_status":"open","ping_status":"open","sticky":false,"template":"","format":"standard","meta":{"footnotes":""},"categories":[52],"tags":[],"class_list":["post-465","post","type-post","status-publish","format-standard","hentry","category-dia-internacional-de-les-llengues-maternes"],"_links":{"self":[{"href":"https:\/\/www.revista-insaiguaviva.org\/curs2019-2020\/wp-json\/wp\/v2\/posts\/465","targetHints":{"allow":["GET"]}}],"collection":[{"href":"https:\/\/www.revista-insaiguaviva.org\/curs2019-2020\/wp-json\/wp\/v2\/posts"}],"about":[{"href":"https:\/\/www.revista-insaiguaviva.org\/curs2019-2020\/wp-json\/wp\/v2\/types\/post"}],"author":[{"embeddable":true,"href":"https:\/\/www.revista-insaiguaviva.org\/curs2019-2020\/wp-json\/wp\/v2\/users\/2"}],"replies":[{"embeddable":true,"href":"https:\/\/www.revista-insaiguaviva.org\/curs2019-2020\/wp-json\/wp\/v2\/comments?post=465"}],"version-history":[{"count":5,"href":"https:\/\/www.revista-insaiguaviva.org\/curs2019-2020\/wp-json\/wp\/v2\/posts\/465\/revisions"}],"predecessor-version":[{"id":470,"href":"https:\/\/www.revista-insaiguaviva.org\/curs2019-2020\/wp-json\/wp\/v2\/posts\/465\/revisions\/470"}],"wp:attachment":[{"href":"https:\/\/www.revista-insaiguaviva.org\/curs2019-2020\/wp-json\/wp\/v2\/media?parent=465"}],"wp:term":[{"taxonomy":"category","embeddable":true,"href":"https:\/\/www.revista-insaiguaviva.org\/curs2019-2020\/wp-json\/wp\/v2\/categories?post=465"},{"taxonomy":"post_tag","embeddable":true,"href":"https:\/\/www.revista-insaiguaviva.org\/curs2019-2020\/wp-json\/wp\/v2\/tags?post=465"}],"curies":[{"name":"wp","href":"https:\/\/api.w.org\/{rel}","templated":true}]}}