{"id":536,"date":"2020-03-09T22:24:46","date_gmt":"2020-03-09T20:24:46","guid":{"rendered":"https:\/\/www.revista-insaiguaviva.org\/curs2019-2020\/?p=536"},"modified":"2020-03-09T22:24:46","modified_gmt":"2020-03-09T20:24:46","slug":"vols-ser-el-nou-toni-cruanyes","status":"publish","type":"post","link":"https:\/\/www.revista-insaiguaviva.org\/curs2019-2020\/2020\/03\/09\/vols-ser-el-nou-toni-cruanyes\/","title":{"rendered":"Vols ser el nou Toni Cruanyes?"},"content":{"rendered":"\n<p>Aquest curs, l\u2019alumnat de 3r d\u2019ESO ha iniciat una activitat dedicada als g\u00e8neres period\u00edstics anomenada \u201cVOLS SER EL NOU TONI CRUANYES?\u201d.  Despr\u00e9s d\u2019haver vist les caracter\u00edstiques dels principals g\u00e8neres period\u00edstics, els alumnes s\u2019han organitzat en grups de 5 persones amb l\u2019objectiu de crear una not\u00edcia (o cr\u00f2nica, reportatge, etc) de televisi\u00f3 de tem\u00e0tica local, cada una d\u2019elles sobre una secci\u00f3 en concret (societat, actualitat, esports, cultura, el temps\u2026).<\/p>\n\n\n\n<p>Abans de fer l\u2019activitat, els nois han vist un telenot\u00edcies per veure com s\u2019han de redactar les informacions.\u00a0\u00a0\u00a0\u00a0\u00a0\u00a0<\/p>\n\n\n\n<p>Amb aquesta tasca, aprenen a ser conscients del registre que cal usar al llenguatge period\u00edstic, a estructurar b\u00e9 els textos orals i a adequar-se a la situaci\u00f3 comunicativa, aix\u00ed com a saber utilitzar correctament les estrat\u00e8gies de la comunicaci\u00f3 no verbal.<\/p>\n\n\n\n<p>A m\u00e9s, hem tingut la sort de comptar amb un padr\u00ed d\u2019excepci\u00f3!! El mateix Toni Cruanyes ens ensenya el seu dia a dia com a comunicador i ens encoratja a fer una bona feina! Mireu, mireu!<\/p>\n\n\n\n<p>De ben segur que les seves paraules animaran els nostres nois i noies, restem a l\u2019espera de les seves not\u00edcies!<\/p>\n\n\n\n<figure class=\"wp-block-video\"><video controls src=\"https:\/\/www.revista-insaiguaviva.org\/curs2019-2020\/wp-content\/uploads\/2020\/03\/VID-20200218-WA0024.mp4\"><\/video><\/figure>\n","protected":false},"excerpt":{"rendered":"<p>Aquest curs, l\u2019alumnat de 3r d\u2019ESO ha iniciat una activitat dedicada als g\u00e8neres period\u00edstics anomenada \u201cVOLS SER EL NOU TONI CRUANYES?\u201d. Despr\u00e9s d\u2019haver vist les caracter\u00edstiques dels principals g\u00e8neres period\u00edstics, els alumnes s\u2019han organitzat en grups de 5 persones amb l\u2019objectiu de crear una not\u00edcia (o cr\u00f2nica, reportatge, etc) de televisi\u00f3 de tem\u00e0tica local, cada &hellip; <\/p>\n<p class=\"link-more\"><a href=\"https:\/\/www.revista-insaiguaviva.org\/curs2019-2020\/2020\/03\/09\/vols-ser-el-nou-toni-cruanyes\/\" class=\"more-link\">Continua llegint <span class=\"screen-reader-text\">\u00abVols ser el nou Toni Cruanyes?\u00bb<\/span><\/a><\/p>\n","protected":false},"author":2,"featured_media":0,"comment_status":"open","ping_status":"open","sticky":false,"template":"","format":"standard","meta":{"footnotes":""},"categories":[57],"tags":[],"class_list":["post-536","post","type-post","status-publish","format-standard","hentry","category-vols-ser-el-nou-toni-cruanyes"],"_links":{"self":[{"href":"https:\/\/www.revista-insaiguaviva.org\/curs2019-2020\/wp-json\/wp\/v2\/posts\/536","targetHints":{"allow":["GET"]}}],"collection":[{"href":"https:\/\/www.revista-insaiguaviva.org\/curs2019-2020\/wp-json\/wp\/v2\/posts"}],"about":[{"href":"https:\/\/www.revista-insaiguaviva.org\/curs2019-2020\/wp-json\/wp\/v2\/types\/post"}],"author":[{"embeddable":true,"href":"https:\/\/www.revista-insaiguaviva.org\/curs2019-2020\/wp-json\/wp\/v2\/users\/2"}],"replies":[{"embeddable":true,"href":"https:\/\/www.revista-insaiguaviva.org\/curs2019-2020\/wp-json\/wp\/v2\/comments?post=536"}],"version-history":[{"count":1,"href":"https:\/\/www.revista-insaiguaviva.org\/curs2019-2020\/wp-json\/wp\/v2\/posts\/536\/revisions"}],"predecessor-version":[{"id":538,"href":"https:\/\/www.revista-insaiguaviva.org\/curs2019-2020\/wp-json\/wp\/v2\/posts\/536\/revisions\/538"}],"wp:attachment":[{"href":"https:\/\/www.revista-insaiguaviva.org\/curs2019-2020\/wp-json\/wp\/v2\/media?parent=536"}],"wp:term":[{"taxonomy":"category","embeddable":true,"href":"https:\/\/www.revista-insaiguaviva.org\/curs2019-2020\/wp-json\/wp\/v2\/categories?post=536"},{"taxonomy":"post_tag","embeddable":true,"href":"https:\/\/www.revista-insaiguaviva.org\/curs2019-2020\/wp-json\/wp\/v2\/tags?post=536"}],"curies":[{"name":"wp","href":"https:\/\/api.w.org\/{rel}","templated":true}]}}