{"id":548,"date":"2020-03-10T23:42:10","date_gmt":"2020-03-10T21:42:10","guid":{"rendered":"https:\/\/www.revista-insaiguaviva.org\/curs2019-2020\/?p=548"},"modified":"2020-03-10T23:43:39","modified_gmt":"2020-03-10T21:43:39","slug":"sortida-mnac-pavello-alemany-i-dona-i-ocell-de-miro","status":"publish","type":"post","link":"https:\/\/www.revista-insaiguaviva.org\/curs2019-2020\/2020\/03\/10\/sortida-mnac-pavello-alemany-i-dona-i-ocell-de-miro\/","title":{"rendered":"Sortida MNAC- Pavell\u00f3 Alemany i Dona i Ocell de Mir\u00f3"},"content":{"rendered":"\n<p>Dimarts, 10 de mar\u00e7, els alumnes d&#8217;Hist\u00f2ria de l&#8217;art\u00a0de 2n de batxillerat han visitat el <strong>MNAC<\/strong> per con\u00e8ixer de primera m\u00e0 i gaudir de les obres que estan preparant per a la Selectitivat.\u00a0Han admirat obres de diferents \u00e8poques i estils: rom\u00e0niques, g\u00f2tiques, modernistes, realistes o vanguardistes.\u00a0A l&#8217;antic Parc de l&#8217;Escorxador\u00a0s&#8217;ha explicat &#8221; in situ &#8221; l&#8217;obra surrealista\u00a0<em><strong>Dona i Ocell<\/strong><\/em>\u00a0de Mir\u00f3. Els alumnes han passejat pel <strong>Pavell\u00f3 alemany<\/strong> de Mies van der Rohe examinant\u00a0 les caracter\u00edsitiques de l&#8217;arquitectura\u00a0funcional.<\/p>\n\n\n\n<p>L&#8217;objectiu de seure a les cadires Barcelona finalment ha estat assolit.&nbsp;<\/p>\n\n\n\n<figure class=\"wp-block-image size-large\"><img loading=\"lazy\" decoding=\"async\" width=\"1024\" height=\"768\" src=\"https:\/\/www.revista-insaiguaviva.org\/curs2019-2020\/wp-content\/uploads\/2020\/03\/IMG_20200310_134536-1024x768.jpg\" alt=\"\" class=\"wp-image-549\" srcset=\"https:\/\/www.revista-insaiguaviva.org\/curs2019-2020\/wp-content\/uploads\/2020\/03\/IMG_20200310_134536-1024x768.jpg 1024w, https:\/\/www.revista-insaiguaviva.org\/curs2019-2020\/wp-content\/uploads\/2020\/03\/IMG_20200310_134536-300x225.jpg 300w, https:\/\/www.revista-insaiguaviva.org\/curs2019-2020\/wp-content\/uploads\/2020\/03\/IMG_20200310_134536-768x576.jpg 768w, https:\/\/www.revista-insaiguaviva.org\/curs2019-2020\/wp-content\/uploads\/2020\/03\/IMG_20200310_134536-1536x1152.jpg 1536w, https:\/\/www.revista-insaiguaviva.org\/curs2019-2020\/wp-content\/uploads\/2020\/03\/IMG_20200310_134536-2048x1536.jpg 2048w\" sizes=\"auto, (max-width: 767px) 89vw, (max-width: 1000px) 54vw, (max-width: 1071px) 543px, 580px\" \/><\/figure>\n\n\n\n<p>Podeu veure m\u00e9s fotografies <a href=\"https:\/\/photos.app.goo.gl\/JBY5FG7NCPLAYeNn9\" target=\"_blank\" rel=\"noreferrer noopener\" aria-label=\"clicant aqu\u00ed.  (s'obre en una nova pestanya)\">clicant aqu\u00ed. <\/a><\/p>\n","protected":false},"excerpt":{"rendered":"<p>Dimarts, 10 de mar\u00e7, els alumnes d&#8217;Hist\u00f2ria de l&#8217;art\u00a0de 2n de batxillerat han visitat el MNAC per con\u00e8ixer de primera m\u00e0 i gaudir de les obres que estan preparant per a la Selectitivat.\u00a0Han admirat obres de diferents \u00e8poques i estils: rom\u00e0niques, g\u00f2tiques, modernistes, realistes o vanguardistes.\u00a0A l&#8217;antic Parc de l&#8217;Escorxador\u00a0s&#8217;ha explicat &#8221; in situ &#8221; &hellip; <\/p>\n<p class=\"link-more\"><a href=\"https:\/\/www.revista-insaiguaviva.org\/curs2019-2020\/2020\/03\/10\/sortida-mnac-pavello-alemany-i-dona-i-ocell-de-miro\/\" class=\"more-link\">Continua llegint <span class=\"screen-reader-text\">\u00abSortida MNAC- Pavell\u00f3 Alemany i Dona i Ocell de Mir\u00f3\u00bb<\/span><\/a><\/p>\n","protected":false},"author":2,"featured_media":0,"comment_status":"open","ping_status":"open","sticky":false,"template":"","format":"standard","meta":{"footnotes":""},"categories":[59],"tags":[],"class_list":["post-548","post","type-post","status-publish","format-standard","hentry","category-mnac-pavello-alemany-i-dona-ocell-de-miro"],"_links":{"self":[{"href":"https:\/\/www.revista-insaiguaviva.org\/curs2019-2020\/wp-json\/wp\/v2\/posts\/548","targetHints":{"allow":["GET"]}}],"collection":[{"href":"https:\/\/www.revista-insaiguaviva.org\/curs2019-2020\/wp-json\/wp\/v2\/posts"}],"about":[{"href":"https:\/\/www.revista-insaiguaviva.org\/curs2019-2020\/wp-json\/wp\/v2\/types\/post"}],"author":[{"embeddable":true,"href":"https:\/\/www.revista-insaiguaviva.org\/curs2019-2020\/wp-json\/wp\/v2\/users\/2"}],"replies":[{"embeddable":true,"href":"https:\/\/www.revista-insaiguaviva.org\/curs2019-2020\/wp-json\/wp\/v2\/comments?post=548"}],"version-history":[{"count":4,"href":"https:\/\/www.revista-insaiguaviva.org\/curs2019-2020\/wp-json\/wp\/v2\/posts\/548\/revisions"}],"predecessor-version":[{"id":553,"href":"https:\/\/www.revista-insaiguaviva.org\/curs2019-2020\/wp-json\/wp\/v2\/posts\/548\/revisions\/553"}],"wp:attachment":[{"href":"https:\/\/www.revista-insaiguaviva.org\/curs2019-2020\/wp-json\/wp\/v2\/media?parent=548"}],"wp:term":[{"taxonomy":"category","embeddable":true,"href":"https:\/\/www.revista-insaiguaviva.org\/curs2019-2020\/wp-json\/wp\/v2\/categories?post=548"},{"taxonomy":"post_tag","embeddable":true,"href":"https:\/\/www.revista-insaiguaviva.org\/curs2019-2020\/wp-json\/wp\/v2\/tags?post=548"}],"curies":[{"name":"wp","href":"https:\/\/api.w.org\/{rel}","templated":true}]}}