{"id":629,"date":"2020-03-18T12:24:02","date_gmt":"2020-03-18T10:24:02","guid":{"rendered":"https:\/\/www.revista-insaiguaviva.org\/curs2019-2020\/?p=629"},"modified":"2020-03-18T12:24:02","modified_gmt":"2020-03-18T10:24:02","slug":"la-preinscripcio-escolar-queda-ajornada","status":"publish","type":"post","link":"https:\/\/www.revista-insaiguaviva.org\/curs2019-2020\/2020\/03\/18\/la-preinscripcio-escolar-queda-ajornada\/","title":{"rendered":"La preinscripci\u00f3 escolar queda ajornada"},"content":{"rendered":"\n<p><a rel=\"noreferrer noopener\" href=\"https:\/\/www.ccma.cat\/324\/la-preinscripcio-escolar-queda-ajornada-fins-que-es-pugui-fer-amb-normalitat\/noticia\/2997863\/\" target=\"_blank\">La preinscripci\u00f3 escolar queda ajornada fins que es pugui fer \u201camb normalitat\u201d<\/a>.<\/p>\n\n\n\n<p>El Departament d&#8217;Educaci\u00f3 de la Generalitat de Catalunya ha anunciat que la preinscripci\u00f3 escolar d&#8217;infantil, prim\u00e0ria i ESO queda ajornada fins que es pugui dur a terme &#8220;en condicions de normalitat&#8221;.<\/p>\n\n\n\n<p><\/p>\n","protected":false},"excerpt":{"rendered":"<p>La preinscripci\u00f3 escolar queda ajornada fins que es pugui fer \u201camb normalitat\u201d. El Departament d&#8217;Educaci\u00f3 de la Generalitat de Catalunya ha anunciat que la preinscripci\u00f3 escolar d&#8217;infantil, prim\u00e0ria i ESO queda ajornada fins que es pugui dur a terme &#8220;en condicions de normalitat&#8221;.<\/p>\n","protected":false},"author":2,"featured_media":0,"comment_status":"open","ping_status":"open","sticky":false,"template":"","format":"standard","meta":{"footnotes":""},"categories":[62],"tags":[],"class_list":["post-629","post","type-post","status-publish","format-standard","hentry","category-ajornada-la-preinscripcio"],"_links":{"self":[{"href":"https:\/\/www.revista-insaiguaviva.org\/curs2019-2020\/wp-json\/wp\/v2\/posts\/629","targetHints":{"allow":["GET"]}}],"collection":[{"href":"https:\/\/www.revista-insaiguaviva.org\/curs2019-2020\/wp-json\/wp\/v2\/posts"}],"about":[{"href":"https:\/\/www.revista-insaiguaviva.org\/curs2019-2020\/wp-json\/wp\/v2\/types\/post"}],"author":[{"embeddable":true,"href":"https:\/\/www.revista-insaiguaviva.org\/curs2019-2020\/wp-json\/wp\/v2\/users\/2"}],"replies":[{"embeddable":true,"href":"https:\/\/www.revista-insaiguaviva.org\/curs2019-2020\/wp-json\/wp\/v2\/comments?post=629"}],"version-history":[{"count":1,"href":"https:\/\/www.revista-insaiguaviva.org\/curs2019-2020\/wp-json\/wp\/v2\/posts\/629\/revisions"}],"predecessor-version":[{"id":630,"href":"https:\/\/www.revista-insaiguaviva.org\/curs2019-2020\/wp-json\/wp\/v2\/posts\/629\/revisions\/630"}],"wp:attachment":[{"href":"https:\/\/www.revista-insaiguaviva.org\/curs2019-2020\/wp-json\/wp\/v2\/media?parent=629"}],"wp:term":[{"taxonomy":"category","embeddable":true,"href":"https:\/\/www.revista-insaiguaviva.org\/curs2019-2020\/wp-json\/wp\/v2\/categories?post=629"},{"taxonomy":"post_tag","embeddable":true,"href":"https:\/\/www.revista-insaiguaviva.org\/curs2019-2020\/wp-json\/wp\/v2\/tags?post=629"}],"curies":[{"name":"wp","href":"https:\/\/api.w.org\/{rel}","templated":true}]}}