{"id":723,"date":"2020-04-23T08:00:00","date_gmt":"2020-04-23T06:00:00","guid":{"rendered":"https:\/\/www.revista-insaiguaviva.org\/curs2019-2020\/?p=723"},"modified":"2020-10-01T17:52:11","modified_gmt":"2020-10-01T15:52:11","slug":"premis-sant-jordi-2020","status":"publish","type":"post","link":"https:\/\/www.revista-insaiguaviva.org\/curs2019-2020\/2020\/04\/23\/premis-sant-jordi-2020\/","title":{"rendered":"Premis Sant Jordi 2020"},"content":{"rendered":"\n<p>Ja tenim els guanyadors dels concursos de Sant Jordi! <\/p>\n\n\n\n<p>Encara que per ara no podem fer acte de lliurament de premis, felicitem als premiats i agra\u00efm molt la vostra participaci\u00f3. Com sempre, ha estat una decisi\u00f3 dif\u00edcil triar les obres guanyadores perqu\u00e8 hi ha hagut molta qualitat. Moltes gr\u00e0cies a tots per estar aprop nostre ara i sempre!<\/p>\n\n\n\n<p>Aquestes s\u00f3n les obres guanyadores, les podeu veure si cliqueu a sobre de cadascuna. <\/p>\n\n\n\n<p><strong>EDUCACI\u00d3 VISUAL I PL\u00c0STICA<\/strong><\/p>\n\n\n\n<figure class=\"wp-block-table alignleft\"><table><tbody><tr><td><strong>Modalitat<\/strong>   <\/td><td><strong>Nivell\/Categoria<\/strong>   <\/td><td><strong>NOM \/ OBRA<\/strong>   <\/td><\/tr><tr><td>Dibuix     <br> <\/td><td>1r i   2n ESO   <br><\/td><td>Desert<br><\/td><\/tr><tr><td>Dibuix     <br> <\/td><td>3r i   4t ESO   <br><\/td><td><a rel=\"noreferrer noopener\" aria-label=\"Marta Burgos - Dr\u00e0cula (s'obre en una nova pestanya)\" href=\"https:\/\/www.revista-insaiguaviva.org\/curs2019-2020\/premis-sant-jordi-2020-concurs-de-dibuix\/\" target=\"_blank\">Marta Burgos &#8211; <strong><em>Dr\u00e0cula<\/em><\/strong><\/a><strong> <\/strong>(Premi votaci\u00f3 del public)   <br><a rel=\"noreferrer noopener\" aria-label=\" (s'obre en una nova pestanya)\" href=\"https:\/\/www.revista-insaiguaviva.org\/curs2019-2020\/premis-sant-jordi-2020-concurs-de-dibuix-2\/\" target=\"_blank\">Bruno Pinedo &#8211; <strong><em>Nous temps, noves llegendes<\/em><\/strong><\/a><strong> <\/strong>(Premi del jurat)   <br>Mencions especials:   <br><a rel=\"noreferrer noopener\" aria-label=\" (s'obre en una nova pestanya)\" href=\"https:\/\/www.revista-insaiguaviva.org\/curs2019-2020\/premis-sant-jordi-2020-concurs-de-dibuix-3\/\" target=\"_blank\">Marta Zafra \u2013 <strong><em>Ull de drac<\/em><\/strong><\/a>   <br><a rel=\"noreferrer noopener\" aria-label=\"Teo Pinedo \u2013 Rosa Sant Jordi  (s'obre en una nova pestanya)\" href=\"https:\/\/www.revista-insaiguaviva.org\/curs2019-2020\/premis-sant-jordi-2020-concurs-de-dibuix-4\/\" target=\"_blank\">Teo Pinedo \u2013 <strong><em>Rosa Sant Jordi<\/em><\/strong> <\/a><br><\/td><\/tr><tr><td>Dibuix      <\/td><td>1r i   2n BTX   <\/td><td>Desert   <\/td><\/tr><\/tbody><\/table><\/figure>\n\n\n\n<p><strong>V\u00cdDEO DIVULGATIU CI\u00c8NCIES<\/strong><\/p>\n\n\n\n<figure class=\"wp-block-table\"><table><tbody><tr><td><strong>Modalitat<\/strong>   <\/td><td><strong>Nivell\/Categoria<\/strong>   <\/td><td><strong>NOM \/ OBRA<\/strong>   <\/td><\/tr><tr><td>V\u00eddeo divulgatiu   <br><\/td><td>1r i 2n ESO   <br><\/td><td>Desert   <br><\/td><\/tr><tr><td>V\u00eddeo divulgatiu  <br> <\/td><td>3r i 4t ESO  <br> <\/td><td><a rel=\"noreferrer noopener\" aria-label=\"Berta Monserd\u00e0  - No fan per mi   (s'obre en una nova pestanya)\" href=\"https:\/\/www.revista-insaiguaviva.org\/curs2019-2020\/premis-sant-jordi-2020-video-divulgacio-cientifica\/\" target=\"_blank\">Berta Monserd\u00e0  &#8211; <strong><em>No fan per mi<\/em><\/strong> <\/a><br><a rel=\"noreferrer noopener\" aria-label=\"Carla Mart\u00edn\/Ingrid Abele - Tusa (s'obre en una nova pestanya)\" href=\"https:\/\/www.revista-insaiguaviva.org\/curs2019-2020\/premis-sant-jordi-2020-video-divulgacio-cientifica-3\/\" target=\"_blank\">Carla Mart\u00edn\/Ingrid Abele &#8211; <strong><em>Tusa<\/em><\/strong><\/a><br><\/td><\/tr><tr><td>V\u00eddeo divulgatiu   <\/td><td>1r i 2n BTX   <\/td><td><a href=\"https:\/\/www.revista-insaiguaviva.org\/curs2019-2020\/premis-sant-jordi-2020-video-divulgacio-cientifica-2\/\" target=\"_blank\" rel=\"noreferrer noopener\" aria-label=\"Paula Carcel\u00e9n - Despacito (s'obre en una nova pestanya)\">Paula Carcel\u00e9n &#8211; <strong><em>Despacito<\/em><\/strong><\/a>   <\/td><\/tr><\/tbody><\/table><\/figure>\n\n\n\n<p><strong>V\u00cdDEO TIK-TOK<\/strong><\/p>\n\n\n\n<figure class=\"wp-block-table\"><table><tbody><tr><td><strong>Modalitat<\/strong>   <\/td><td><strong>Nivell\/Categoria<\/strong>   <\/td><td><strong>NOM \/ OBRA<\/strong>   <\/td><\/tr><tr><td>V\u00eddeo   <\/td><td>1r i 2n ESO   <\/td><td>Desert   <\/td><\/tr><tr><td>V\u00eddeo   <\/td><td>3r i 4t ESO   <\/td><td>Desert   <\/td><\/tr><tr><td>V\u00eddeo   <\/td><td>1r i 2n BTX   <\/td><td><a rel=\"noreferrer noopener\" aria-label=\"Mireia Calduch i Judith Calduch \u2013 Al m\u00f3n real    (s'obre en una nova pestanya)\" href=\"https:\/\/www.revista-insaiguaviva.org\/curs2019-2020\/premis-sant-jordi-2020\/\" target=\"_blank\">Mireia Calduch i Judith Calduch \u2013 <strong><em>Al m\u00f3n real<\/em><\/strong><\/a><\/td><\/tr><\/tbody><\/table><\/figure>\n\n\n\n<p><strong>CAMINS DE L&#8217;EXILI<\/strong><\/p>\n\n\n\n<figure class=\"wp-block-table\"><table><tbody><tr><td><strong>Modalitat<\/strong>   <\/td><td><strong>Nivell\/Categoria<\/strong>   <\/td><td><strong>NOM \/ OBRA<\/strong>   <\/td><\/tr><tr><td>V\u00eddeo   <\/td><td>4t ESO   <\/td><td><a rel=\"noreferrer noopener\" aria-label=\"Carla Mart\u00edn - Poema de l\u2019exili    (s'obre en una nova pestanya)\" href=\"https:\/\/www.revista-insaiguaviva.org\/curs2019-2020\/premis-sant-jordi-2020-2\/\" target=\"_blank\">Carla Mart\u00edn &#8211; <strong><em>Poema de l\u2019exili<\/em><\/strong><\/a><\/td><\/tr><\/tbody><\/table><\/figure>\n\n\n\n<p><strong>LLENGUA ANGLESA<\/strong><\/p>\n\n\n\n<figure class=\"wp-block-table\"><table><tbody><tr><td><strong>Modalitat<\/strong>   <\/td><td><strong>Nivell\/Categoria<\/strong>   <\/td><td><strong>NOM \/ OBRA<\/strong>   <\/td><\/tr><tr><td>Poesia   <\/td><td>1r i 2n ESO   <\/td><td><a rel=\"noreferrer noopener\" aria-label=\"Arnau Vicente - Calligram    (s'obre en una nova pestanya)\" href=\"https:\/\/www.revista-insaiguaviva.org\/curs2019-2020\/premis-sant-jordi-2020-3\/\" target=\"_blank\">Arnau Vicente &#8211; <strong><em>Calligram<\/em><\/strong><\/a><\/td><\/tr><tr><td>Poesia   <\/td><td>3r i 4t ESO   <\/td><td>Desert   <\/td><\/tr><tr><td>Poesia   <\/td><td>1r i 2n BTX   <\/td><td><a href=\"https:\/\/www.revista-insaiguaviva.org\/curs2019-2020\/premis-sant-jordi-2020-llengua-anglesa-poesia\/\" target=\"_blank\" rel=\"noreferrer noopener\">Mart\u00ed Garrido &#8211; <strong><em>Coronavirus<\/em><\/strong><\/a><\/td><\/tr><tr><td>Prosa   <\/td><td>1r i 2n ESO   <\/td><td><a rel=\"noreferrer noopener\" aria-label=\"H\u00e9ctor Carmona - The Detective    (s'obre en una nova pestanya)\" href=\"https:\/\/www.revista-insaiguaviva.org\/curs2019-2020\/premis-sant-jordi-2020-4\/\" target=\"_blank\">H\u00e9ctor Carmona &#8211; <strong><em>The Detective<\/em><\/strong><\/a><\/td><\/tr><tr><td>Prosa   <br><\/td><td>3r i 4t ESO   <br><\/td><td><a rel=\"noreferrer noopener\" aria-label=\"Virginia Navarro - Collapse    (s'obre en una nova pestanya)\" href=\"https:\/\/www.revista-insaiguaviva.org\/curs2019-2020\/premis-sant-jordi-2020-5\/\" target=\"_blank\">Virginia Navarro &#8211; <strong><em>Collapse<\/em><\/strong><\/a><br><\/td><\/tr><tr><td>Prosa   <\/td><td>1r i 2n BTX   <\/td><td><a rel=\"noreferrer noopener\" aria-label=\"Julia Escudero - Throug the storms  (s'obre en una nova pestanya)\" href=\"https:\/\/www.revista-insaiguaviva.org\/curs2019-2020\/premis-sant-jordi-2020-6\/\" target=\"_blank\">Julia Escudero &#8211; <strong><em>Throug the storms<\/em><\/strong><\/a><br><a rel=\"noreferrer noopener\" aria-label=\"Laura Arasil - Like a butterfly    (s'obre en una nova pestanya)\" href=\"https:\/\/www.revista-insaiguaviva.org\/curs2019-2020\/premis-sant-jordi-2020-7\/\" target=\"_blank\">Laura Arasil &#8211; <strong><em>Like a butterfly<\/em><\/strong><\/a><\/td><\/tr><\/tbody><\/table><\/figure>\n\n\n\n<p><strong>LLENGUA FRANCESA<\/strong><\/p>\n\n\n\n<figure class=\"wp-block-table\"><table><tbody><tr><td><strong>Modalitat<\/strong>   <\/td><td><strong>Nivell\/Categoria<\/strong>   <\/td><td><strong>NOM \/ OBRA<\/strong>   <\/td><\/tr><tr><td>Poesia   <\/td><td>3r i 4t ESO   <\/td><td><a rel=\"noreferrer noopener\" aria-label=\"Adriana Untila&nbsp;- C\u2019est \u00e0 la mode&nbsp;&nbsp;&nbsp;&nbsp;&nbsp;&nbsp;&nbsp;&nbsp;&nbsp;&nbsp;&nbsp;&nbsp;&nbsp;&nbsp;     (s'obre en una nova pestanya)\" href=\"https:\/\/www.revista-insaiguaviva.org\/curs2019-2020\/premis-sant-jordi-2020-8\/\" target=\"_blank\">Adriana Untila&nbsp;&#8211; <strong><em>C\u2019est \u00e0 la mode<\/em><\/strong><\/a><\/td><\/tr><tr><td>Poesia   <\/td><td>1r i 2n BTX   <\/td><td>Desert   <\/td><\/tr><tr><td>Prosa   <\/td><td>1r i 2n BTX   <\/td><td><a rel=\"noreferrer noopener\" aria-label=\"Laura Arasil&nbsp;- Masque    (s'obre en una nova pestanya)\" href=\"https:\/\/www.revista-insaiguaviva.org\/curs2019-2020\/premis-sant-jordi-2020-9\/\" target=\"_blank\">Laura Arasil&nbsp;&#8211; <strong><em>Masque<\/em><\/strong><\/a><\/td><\/tr><\/tbody><\/table><\/figure>\n\n\n\n<p><strong>LLENGUA CASTELLANA<\/strong><\/p>\n\n\n\n<figure class=\"wp-block-table\"><table><tbody><tr><td><strong>Modalitat<\/strong>   <\/td><td><strong>Nivell\/Categoria<\/strong>   <\/td><td><strong>NOM \/ OBRA<\/strong>   <\/td><\/tr><tr><td>Poesia   <\/td><td>1r i 2n ESO   <\/td><td>Desert   <\/td><\/tr><tr><td>Poesia   <\/td><td>3r i 4t ESO   <\/td><td><a rel=\"noreferrer noopener\" aria-label=\"Ainhoa Soriano - Estrella    (s'obre en una nova pestanya)\" href=\"https:\/\/www.revista-insaiguaviva.org\/curs2019-2020\/premis-sant-jordi-2020-10\/\" target=\"_blank\">Ainhoa Soriano &#8211; <strong><em>Estrella<\/em><\/strong><\/a><\/td><\/tr><tr><td>Poesia  <br> <\/td><td>1r i 2n BTX   <br><\/td><td><a rel=\"noreferrer noopener\" aria-label=\"Laura Arasil - Verano (s'obre en una nova pestanya)\" href=\"https:\/\/www.revista-insaiguaviva.org\/curs2019-2020\/premis-sant-jordi-2020-llengua-castellana-poesia\/\" target=\"_blank\">Laura Arasil &#8211; <strong><em>Verano<\/em><\/strong><\/a><br><\/td><\/tr><tr><td>Prosa   <br><\/td><td>1r i 2n ESO   <br><\/td><td><a rel=\"noreferrer noopener\" aria-label=\"H\u00e9ctor Carmona - El gran   descubrimiento   (s'obre en una nova pestanya)\" href=\"https:\/\/www.revista-insaiguaviva.org\/curs2019-2020\/premis-sant-jordi-2020-llengua-castellana-prosa\/\" target=\"_blank\">H\u00e9ctor Carmona &#8211; <strong><em>El gran   descubrimiento<\/em><\/strong><\/a><br>Menci\u00f3 especial:   <br><a rel=\"noreferrer noopener\" aria-label=\"Denisse Moncayo - Aquello que me   hac\u00eda feliz sin yo saberlo    (s'obre en una nova pestanya)\" href=\"https:\/\/www.revista-insaiguaviva.org\/curs2019-2020\/premis-sant-jordi-2020-llengua-castellana-prosa-2\/\" target=\"_blank\">Denisse Moncayo &#8211; <strong><em>Aquello que me   hac\u00eda feliz sin yo saberlo<\/em><\/strong><\/a><br><\/td><\/tr><tr><td>Prosa   <br><\/td><td>3r i 4t ESO <br>  <\/td><td><a rel=\"noreferrer noopener\" aria-label=\"Alexia Mart\u00ednez - Mi mejor amigo    (s'obre en una nova pestanya)\" href=\"https:\/\/www.revista-insaiguaviva.org\/curs2019-2020\/premis-sant-jordi-2020-llengua-castellana-prosa-3\/\" target=\"_blank\">Alexia Mart\u00ednez &#8211; <strong><em>Mi mejor amigo<\/em><\/strong><\/a><br><\/td><\/tr><tr><td>Prosa   <\/td><td>1r i 2n BTX   <\/td><td><a rel=\"noreferrer noopener\" aria-label=\"Helena Aliaga - Tras las nubes    (s'obre en una nova pestanya)\" href=\"https:\/\/www.revista-insaiguaviva.org\/curs2019-2020\/premis-sant-jordi-2020-llengua-castellana-prosa-4\/\" target=\"_blank\">Helena Aliaga &#8211; <strong><em>Tras las nubes<\/em><\/strong><\/a><br><a href=\"https:\/\/www.revista-insaiguaviva.org\/curs2019-2020\/premis-sant-jordi-2020-llengua-castellana-prosa-5\/\" target=\"_blank\" rel=\"noreferrer noopener\" aria-label=\"J\u00falia Escudero - Mareas altas (s'obre en una nova pestanya)\">J\u00falia Escudero &#8211; <strong><em>Mareas altas<\/em><\/strong><\/a>   <\/td><\/tr><\/tbody><\/table><\/figure>\n\n\n\n<p><strong>LLENGUA CATALANA<\/strong><\/p>\n\n\n\n<figure class=\"wp-block-table alignleft is-style-regular\"><table><tbody><tr><td><strong>Modalitat<\/strong>   <\/td><td><strong>Nivell\/Categoria<\/strong>   <\/td><td><strong>NOM \/ OBRA<\/strong>   <\/td><\/tr><tr><td>Poesia   <\/td><td>1r i 2n ESO   <\/td><td>Desert   <\/td><\/tr><tr><td>Poesia   <\/td><td>3r i 4t ESO   <\/td><td>Desert   <\/td><\/tr><tr><td>Poesia   <br><\/td><td>1r i 2n BTX   <br><\/td><td>Desert   <br><\/td><\/tr><tr><td>Prosa   <br><\/td><td>1r i 2n ESO   <br><\/td><td><a rel=\"noreferrer noopener\" aria-label=\"Judit Calduch - Acampada 1993  (s'obre en una nova pestanya)\" href=\"https:\/\/www.revista-insaiguaviva.org\/curs2019-2020\/premis-sant-jordi-2020-llengua-catalana-prosa\/\" target=\"_blank\">Judit Calduch &#8211; <strong><em>Acampada 1993<\/em><\/strong><\/a><br><a rel=\"noreferrer noopener\" aria-label=\" (s'obre en una nova pestanya)\" href=\"https:\/\/www.revista-insaiguaviva.org\/curs2019-2020\/premis-sant-jordi-2020-llengua-catalana-prosa-6\/\" target=\"_blank\">\u00c8lia Oliva<strong>&nbsp;&#8211; <em>El fil<\/em><\/strong><\/a>   <br><a rel=\"noreferrer noopener\" aria-label=\"Arianna Alcalde i Lucia Checa - L\u2019aula   dels malsons    (s'obre en una nova pestanya)\" href=\"https:\/\/www.revista-insaiguaviva.org\/curs2019-2020\/premis-sant-jordi-2020-llengua-catalana-prosa-2\/\" target=\"_blank\">Arianna Alcalde i Lucia Checa &#8211; <strong><em>L\u2019aula   dels malsons<\/em><\/strong><\/a><br><\/td><\/tr><tr><td>Prosa   <br><\/td><td>3r i 4t ESO   <br><\/td><td><a rel=\"noreferrer noopener\" aria-label=\"Bruno Pinedo - El rellotge (s'obre en una nova pestanya)\" href=\"https:\/\/www.revista-insaiguaviva.org\/curs2019-2020\/premis-sant-jordi-2020-llengua-catalana-prosa-3\/\" target=\"_blank\">Bruno Pinedo &#8211; <strong><em>El rellotge<\/em><\/strong><\/a>   <br><a rel=\"noreferrer noopener\" aria-label=\"V\u00edctor Ruiz - 8 minuts (s'obre en una nova pestanya)\" href=\"https:\/\/www.revista-insaiguaviva.org\/curs2019-2020\/premis-sant-jordi-2020-llengua-catalana-prosa-4\/\" target=\"_blank\">V\u00edctor Ruiz &#8211; <strong><em>8 minuts<\/em><\/strong><\/a>   <br><\/td><\/tr><tr><td>Prosa   <\/td><td> 1r i 2n BTX   <\/td><td><a href=\"https:\/\/www.revista-insaiguaviva.org\/curs2019-2020\/premis-sant-jordi-2020-llengua-catalana-prosa-5\/\" target=\"_blank\" rel=\"noreferrer noopener\" aria-label=\"Andrea Gonz\u00e1lez - Un girasol al   desert (s'obre en una nova pestanya)\">Andrea Gonz\u00e1lez &#8211; <strong><em>Un girasol al   desert<\/em><\/strong><\/a>   <\/td><\/tr><\/tbody><\/table><\/figure>\n\n\n\n<p><\/p>\n","protected":false},"excerpt":{"rendered":"<p>Ja tenim els guanyadors dels concursos de Sant Jordi! Encara que per ara no podem fer acte de lliurament de premis, felicitem als premiats i agra\u00efm molt la vostra participaci\u00f3. Com sempre, ha estat una decisi\u00f3 dif\u00edcil triar les obres guanyadores perqu\u00e8 hi ha hagut molta qualitat. Moltes gr\u00e0cies a tots per estar aprop nostre &hellip; <\/p>\n<p class=\"link-more\"><a href=\"https:\/\/www.revista-insaiguaviva.org\/curs2019-2020\/2020\/04\/23\/premis-sant-jordi-2020\/\" class=\"more-link\">Continua llegint <span class=\"screen-reader-text\">\u00abPremis Sant Jordi 2020\u00bb<\/span><\/a><\/p>\n","protected":false},"author":2,"featured_media":0,"comment_status":"open","ping_status":"open","sticky":false,"template":"","format":"standard","meta":{"footnotes":""},"categories":[1,71],"tags":[],"class_list":["post-723","post","type-post","status-publish","format-standard","hentry","category-general","category-premis-sant-jordi-2020"],"_links":{"self":[{"href":"https:\/\/www.revista-insaiguaviva.org\/curs2019-2020\/wp-json\/wp\/v2\/posts\/723","targetHints":{"allow":["GET"]}}],"collection":[{"href":"https:\/\/www.revista-insaiguaviva.org\/curs2019-2020\/wp-json\/wp\/v2\/posts"}],"about":[{"href":"https:\/\/www.revista-insaiguaviva.org\/curs2019-2020\/wp-json\/wp\/v2\/types\/post"}],"author":[{"embeddable":true,"href":"https:\/\/www.revista-insaiguaviva.org\/curs2019-2020\/wp-json\/wp\/v2\/users\/2"}],"replies":[{"embeddable":true,"href":"https:\/\/www.revista-insaiguaviva.org\/curs2019-2020\/wp-json\/wp\/v2\/comments?post=723"}],"version-history":[{"count":62,"href":"https:\/\/www.revista-insaiguaviva.org\/curs2019-2020\/wp-json\/wp\/v2\/posts\/723\/revisions"}],"predecessor-version":[{"id":1060,"href":"https:\/\/www.revista-insaiguaviva.org\/curs2019-2020\/wp-json\/wp\/v2\/posts\/723\/revisions\/1060"}],"wp:attachment":[{"href":"https:\/\/www.revista-insaiguaviva.org\/curs2019-2020\/wp-json\/wp\/v2\/media?parent=723"}],"wp:term":[{"taxonomy":"category","embeddable":true,"href":"https:\/\/www.revista-insaiguaviva.org\/curs2019-2020\/wp-json\/wp\/v2\/categories?post=723"},{"taxonomy":"post_tag","embeddable":true,"href":"https:\/\/www.revista-insaiguaviva.org\/curs2019-2020\/wp-json\/wp\/v2\/tags?post=723"}],"curies":[{"name":"wp","href":"https:\/\/api.w.org\/{rel}","templated":true}]}}