{"id":946,"date":"2020-04-26T20:22:04","date_gmt":"2020-04-26T18:22:04","guid":{"rendered":"https:\/\/www.revista-insaiguaviva.org\/curs2019-2020\/?p=946"},"modified":"2020-04-26T20:26:57","modified_gmt":"2020-04-26T18:26:57","slug":"soledad","status":"publish","type":"post","link":"https:\/\/www.revista-insaiguaviva.org\/curs2019-2020\/2020\/04\/26\/soledad\/","title":{"rendered":"En soledad"},"content":{"rendered":"\n<p>Us recomanem la lectura d&#8217;aquest text de l&#8217;alumna Mar\u00eda de Manuel, de tercer d&#8217;ESO, en el qual descriu el que veu des de la seva finestra i les sensacions que aix\u00f2 li fa sentir. L&#8217;ha fet per a l&#8217;assignatura de Llengua castellana. <\/p>\n\n\n\n<p>EN SOLEDAD<\/p>\n\n\n\n<p><em>Me asom\u00e9 a mi modesto balc\u00f3n para observar otro d\u00eda igual que se devanec\u00eda l\u00e1nguidamente.<\/em><\/p>\n\n\n\n<p><em>El cielo gris y profundo reinaba encima de una ciudad quieta, en pausa. La calle estaba pr\u00e1cticamente desierta, con la\u00a0 presencia de las pocas gotas de lluvia que ca\u00edan al suelo con suavidad. Un se\u00f1or, de cincuenta y tantos, era el \u00fanico que se ve\u00eda en varias manzanas. Vestido con unos modestos pantalones color marr\u00f3n y una camiseta a cuadros, empujaba un carro de la compra un tanto viejo pero servible. Protegido con una mascarilla color azul y unos blancos guantes, caminaba a paso r\u00e1pido por la calle sin vida.\u00a0<\/em><\/p>\n\n\n\n<p><em>Se pod\u00edan escuchar los peque\u00f1os p\u00e1jaros cantando, volando inocentes, escuch\u00e1ndose mucho mejor que los poqu\u00edsimos coches que se atrev\u00edan a circular. All\u00ed, en las altas casas de enfrente, vislumbr\u00e9 un bonita pancarta. Estaba un poco desgastada por el viento, fr\u00edo y lluvia de estos d\u00edas, pero segu\u00eda manteniendo el mismo ecanto del primer d\u00eda en que estaba hecha. Un bonito arcoiris estaba dibujado en ella, dando \u00e1nimos a quienquiera que la viera.<\/em><\/p>\n\n\n\n<p><em>Ech\u00e9 un vistazo a las monta\u00f1as, que se asomaban m\u00e1s t\u00edmidas que nunca en el horizonte. Parec\u00edan m\u00e1s quietas que de costumbre. Sobre ellas, tambi\u00e9n se pod\u00edan observar unos diminutos puntitos blancos: m\u00e1s p\u00e1jaros, que volaban sin tener conciencia del problema.<\/em><\/p>\n\n\n\n<p><em>Llev\u00e9 mi vista m\u00e1s all\u00e1 de las casas de enfrente y vislumbr\u00e9 ya las primeras luces en la modesta ciudad: advert\u00edan que se acercaba la fr\u00eda noche. En algunas, se pod\u00eda ver el movimiento presente en su interior. Otro d\u00eda m\u00e1s que llegaba a su fin. Otro d\u00eda menos para que todo acabara.\u00a0<\/em><\/p>\n","protected":false},"excerpt":{"rendered":"<p>Us recomanem la lectura d&#8217;aquest text de l&#8217;alumna Mar\u00eda de Manuel, de tercer d&#8217;ESO, en el qual descriu el que veu des de la seva finestra i les sensacions que aix\u00f2 li fa sentir. L&#8217;ha fet per a l&#8217;assignatura de Llengua castellana. EN SOLEDAD Me asom\u00e9 a mi modesto balc\u00f3n para observar otro d\u00eda igual &hellip; <\/p>\n<p class=\"link-more\"><a href=\"https:\/\/www.revista-insaiguaviva.org\/curs2019-2020\/2020\/04\/26\/soledad\/\" class=\"more-link\">Continua llegint <span class=\"screen-reader-text\">\u00abEn soledad\u00bb<\/span><\/a><\/p>\n","protected":false},"author":2,"featured_media":0,"comment_status":"open","ping_status":"open","sticky":false,"template":"","format":"standard","meta":{"footnotes":""},"categories":[74],"tags":[],"class_list":["post-946","post","type-post","status-publish","format-standard","hentry","category-el-texto-descriptivo-3-eso"],"_links":{"self":[{"href":"https:\/\/www.revista-insaiguaviva.org\/curs2019-2020\/wp-json\/wp\/v2\/posts\/946","targetHints":{"allow":["GET"]}}],"collection":[{"href":"https:\/\/www.revista-insaiguaviva.org\/curs2019-2020\/wp-json\/wp\/v2\/posts"}],"about":[{"href":"https:\/\/www.revista-insaiguaviva.org\/curs2019-2020\/wp-json\/wp\/v2\/types\/post"}],"author":[{"embeddable":true,"href":"https:\/\/www.revista-insaiguaviva.org\/curs2019-2020\/wp-json\/wp\/v2\/users\/2"}],"replies":[{"embeddable":true,"href":"https:\/\/www.revista-insaiguaviva.org\/curs2019-2020\/wp-json\/wp\/v2\/comments?post=946"}],"version-history":[{"count":3,"href":"https:\/\/www.revista-insaiguaviva.org\/curs2019-2020\/wp-json\/wp\/v2\/posts\/946\/revisions"}],"predecessor-version":[{"id":949,"href":"https:\/\/www.revista-insaiguaviva.org\/curs2019-2020\/wp-json\/wp\/v2\/posts\/946\/revisions\/949"}],"wp:attachment":[{"href":"https:\/\/www.revista-insaiguaviva.org\/curs2019-2020\/wp-json\/wp\/v2\/media?parent=946"}],"wp:term":[{"taxonomy":"category","embeddable":true,"href":"https:\/\/www.revista-insaiguaviva.org\/curs2019-2020\/wp-json\/wp\/v2\/categories?post=946"},{"taxonomy":"post_tag","embeddable":true,"href":"https:\/\/www.revista-insaiguaviva.org\/curs2019-2020\/wp-json\/wp\/v2\/tags?post=946"}],"curies":[{"name":"wp","href":"https:\/\/api.w.org\/{rel}","templated":true}]}}