{"id":963,"date":"2020-05-04T22:45:38","date_gmt":"2020-05-04T20:45:38","guid":{"rendered":"https:\/\/www.revista-insaiguaviva.org\/curs2019-2020\/?p=963"},"modified":"2020-05-05T11:03:23","modified_gmt":"2020-05-05T09:03:23","slug":"estructures-formes-imatges","status":"publish","type":"post","link":"https:\/\/www.revista-insaiguaviva.org\/curs2019-2020\/2020\/05\/04\/estructures-formes-imatges\/","title":{"rendered":"Estructures, formes, imatges&#8230;"},"content":{"rendered":"\n<p>Us presentem els collages que ha realitzat el Xavi Bentu\u00e9 amb algunes imatges que ha anat rebent aquests darrers dies de treballs d&#8217;alumnes. <\/p>\n\n\n\n<p><em>Les imatges dels &#8220;bacteri\u00f2fags&#8221; surten de tot aquest projecte que hem anat desgranant amb els de 3r ESO a l&#8217;entorn del m\u00f3n del virus i certes estructures geom\u00e8triques que presenten.\u00a0\u00a0<\/em><\/p>\n\n\n\n<figure class=\"wp-block-image size-large\"><img loading=\"lazy\" decoding=\"async\" width=\"1005\" height=\"1024\" src=\"https:\/\/www.revista-insaiguaviva.org\/curs2019-2020\/wp-content\/uploads\/2020\/05\/3r-ESO-EVIP-Bacterio\u0300fags-1005x1024.jpg\" alt=\"\" class=\"wp-image-964\" srcset=\"https:\/\/www.revista-insaiguaviva.org\/curs2019-2020\/wp-content\/uploads\/2020\/05\/3r-ESO-EVIP-Bacterio\u0300fags-1005x1024.jpg 1005w, https:\/\/www.revista-insaiguaviva.org\/curs2019-2020\/wp-content\/uploads\/2020\/05\/3r-ESO-EVIP-Bacterio\u0300fags-294x300.jpg 294w, https:\/\/www.revista-insaiguaviva.org\/curs2019-2020\/wp-content\/uploads\/2020\/05\/3r-ESO-EVIP-Bacterio\u0300fags-768x783.jpg 768w, https:\/\/www.revista-insaiguaviva.org\/curs2019-2020\/wp-content\/uploads\/2020\/05\/3r-ESO-EVIP-Bacterio\u0300fags.jpg 1508w\" sizes=\"auto, (max-width: 767px) 89vw, (max-width: 1000px) 54vw, (max-width: 1071px) 543px, 580px\" \/><\/figure>\n\n\n\n<p><em>Les imatges de 3r D provenen  de les tasques de geometria i estructures florals que els vaig demanant, i tamb\u00e9 alguna cosa de proporci\u00f3.<\/em><\/p>\n\n\n\n<figure class=\"wp-block-image size-large\"><img loading=\"lazy\" decoding=\"async\" width=\"1005\" height=\"1024\" src=\"https:\/\/www.revista-insaiguaviva.org\/curs2019-2020\/wp-content\/uploads\/2020\/05\/3ESO-REFORC\u0327-Projecte-Hort-Jardi-geometria-natural-0.1-2-1005x1024.jpg\" alt=\"\" class=\"wp-image-973\" srcset=\"https:\/\/www.revista-insaiguaviva.org\/curs2019-2020\/wp-content\/uploads\/2020\/05\/3ESO-REFORC\u0327-Projecte-Hort-Jardi-geometria-natural-0.1-2-1005x1024.jpg 1005w, https:\/\/www.revista-insaiguaviva.org\/curs2019-2020\/wp-content\/uploads\/2020\/05\/3ESO-REFORC\u0327-Projecte-Hort-Jardi-geometria-natural-0.1-2-294x300.jpg 294w, https:\/\/www.revista-insaiguaviva.org\/curs2019-2020\/wp-content\/uploads\/2020\/05\/3ESO-REFORC\u0327-Projecte-Hort-Jardi-geometria-natural-0.1-2-768x783.jpg 768w, https:\/\/www.revista-insaiguaviva.org\/curs2019-2020\/wp-content\/uploads\/2020\/05\/3ESO-REFORC\u0327-Projecte-Hort-Jardi-geometria-natural-0.1-2.jpg 1508w\" sizes=\"auto, (max-width: 767px) 89vw, (max-width: 1000px) 54vw, (max-width: 1071px) 543px, 580px\" \/><\/figure>\n\n\n\n<figure class=\"wp-block-image size-large\"><img loading=\"lazy\" decoding=\"async\" width=\"1005\" height=\"1024\" src=\"https:\/\/www.revista-insaiguaviva.org\/curs2019-2020\/wp-content\/uploads\/2020\/05\/3r-ESO-REFORC\u0327-Projecte-Hort-Jardi-geometria-natural-1-1-1005x1024.jpg\" alt=\"\" class=\"wp-image-974\" srcset=\"https:\/\/www.revista-insaiguaviva.org\/curs2019-2020\/wp-content\/uploads\/2020\/05\/3r-ESO-REFORC\u0327-Projecte-Hort-Jardi-geometria-natural-1-1-1005x1024.jpg 1005w, https:\/\/www.revista-insaiguaviva.org\/curs2019-2020\/wp-content\/uploads\/2020\/05\/3r-ESO-REFORC\u0327-Projecte-Hort-Jardi-geometria-natural-1-1-294x300.jpg 294w, https:\/\/www.revista-insaiguaviva.org\/curs2019-2020\/wp-content\/uploads\/2020\/05\/3r-ESO-REFORC\u0327-Projecte-Hort-Jardi-geometria-natural-1-1-768x783.jpg 768w, https:\/\/www.revista-insaiguaviva.org\/curs2019-2020\/wp-content\/uploads\/2020\/05\/3r-ESO-REFORC\u0327-Projecte-Hort-Jardi-geometria-natural-1-1.jpg 1508w\" sizes=\"auto, (max-width: 767px) 89vw, (max-width: 1000px) 54vw, (max-width: 1071px) 543px, 580px\" \/><\/figure>\n\n\n\n<figure class=\"wp-block-image size-large\"><img loading=\"lazy\" decoding=\"async\" width=\"1005\" height=\"1024\" src=\"https:\/\/www.revista-insaiguaviva.org\/curs2019-2020\/wp-content\/uploads\/2020\/05\/3ESO-REFORC\u0327-Projecte-Hort-Jardi-geometria-natural-0-1-1005x1024.jpg\" alt=\"\" class=\"wp-image-975\" srcset=\"https:\/\/www.revista-insaiguaviva.org\/curs2019-2020\/wp-content\/uploads\/2020\/05\/3ESO-REFORC\u0327-Projecte-Hort-Jardi-geometria-natural-0-1-1005x1024.jpg 1005w, https:\/\/www.revista-insaiguaviva.org\/curs2019-2020\/wp-content\/uploads\/2020\/05\/3ESO-REFORC\u0327-Projecte-Hort-Jardi-geometria-natural-0-1-294x300.jpg 294w, https:\/\/www.revista-insaiguaviva.org\/curs2019-2020\/wp-content\/uploads\/2020\/05\/3ESO-REFORC\u0327-Projecte-Hort-Jardi-geometria-natural-0-1-768x783.jpg 768w, https:\/\/www.revista-insaiguaviva.org\/curs2019-2020\/wp-content\/uploads\/2020\/05\/3ESO-REFORC\u0327-Projecte-Hort-Jardi-geometria-natural-0-1.jpg 1508w\" sizes=\"auto, (max-width: 767px) 89vw, (max-width: 1000px) 54vw, (max-width: 1071px) 543px, 580px\" \/><\/figure>\n\n\n\n<figure class=\"wp-block-image size-large\"><img loading=\"lazy\" decoding=\"async\" width=\"1024\" height=\"1005\" src=\"https:\/\/www.revista-insaiguaviva.org\/curs2019-2020\/wp-content\/uploads\/2020\/05\/3ESO-REFORC\u0327-Projecte-Hort-Jardi-geometria-natural-2-1-1024x1005.jpg\" alt=\"\" class=\"wp-image-976\" srcset=\"https:\/\/www.revista-insaiguaviva.org\/curs2019-2020\/wp-content\/uploads\/2020\/05\/3ESO-REFORC\u0327-Projecte-Hort-Jardi-geometria-natural-2-1-1024x1005.jpg 1024w, https:\/\/www.revista-insaiguaviva.org\/curs2019-2020\/wp-content\/uploads\/2020\/05\/3ESO-REFORC\u0327-Projecte-Hort-Jardi-geometria-natural-2-1-300x294.jpg 300w, https:\/\/www.revista-insaiguaviva.org\/curs2019-2020\/wp-content\/uploads\/2020\/05\/3ESO-REFORC\u0327-Projecte-Hort-Jardi-geometria-natural-2-1-768x754.jpg 768w, https:\/\/www.revista-insaiguaviva.org\/curs2019-2020\/wp-content\/uploads\/2020\/05\/3ESO-REFORC\u0327-Projecte-Hort-Jardi-geometria-natural-2-1.jpg 1537w\" sizes=\"auto, (max-width: 767px) 89vw, (max-width: 1000px) 54vw, (max-width: 1071px) 543px, 580px\" \/><\/figure>\n\n\n\n<figure class=\"wp-block-image size-large\"><img loading=\"lazy\" decoding=\"async\" width=\"1005\" height=\"1024\" src=\"https:\/\/www.revista-insaiguaviva.org\/curs2019-2020\/wp-content\/uploads\/2020\/05\/3ESO-REFORC\u0327-Projecte-Hort-Jardi-geometria-natural-3-1-1005x1024.jpg\" alt=\"\" class=\"wp-image-977\" srcset=\"https:\/\/www.revista-insaiguaviva.org\/curs2019-2020\/wp-content\/uploads\/2020\/05\/3ESO-REFORC\u0327-Projecte-Hort-Jardi-geometria-natural-3-1-1005x1024.jpg 1005w, https:\/\/www.revista-insaiguaviva.org\/curs2019-2020\/wp-content\/uploads\/2020\/05\/3ESO-REFORC\u0327-Projecte-Hort-Jardi-geometria-natural-3-1-294x300.jpg 294w, https:\/\/www.revista-insaiguaviva.org\/curs2019-2020\/wp-content\/uploads\/2020\/05\/3ESO-REFORC\u0327-Projecte-Hort-Jardi-geometria-natural-3-1-768x783.jpg 768w, https:\/\/www.revista-insaiguaviva.org\/curs2019-2020\/wp-content\/uploads\/2020\/05\/3ESO-REFORC\u0327-Projecte-Hort-Jardi-geometria-natural-3-1.jpg 1508w\" sizes=\"auto, (max-width: 767px) 89vw, (max-width: 1000px) 54vw, (max-width: 1071px) 543px, 580px\" \/><\/figure>\n\n\n\n<figure class=\"wp-block-image size-large\"><img loading=\"lazy\" decoding=\"async\" width=\"1005\" height=\"1024\" src=\"https:\/\/www.revista-insaiguaviva.org\/curs2019-2020\/wp-content\/uploads\/2020\/05\/3ESO-REFORC\u0327-Projecte-Hort-Jardi-geometria-natural-4-1-1005x1024.jpg\" alt=\"\" class=\"wp-image-978\" srcset=\"https:\/\/www.revista-insaiguaviva.org\/curs2019-2020\/wp-content\/uploads\/2020\/05\/3ESO-REFORC\u0327-Projecte-Hort-Jardi-geometria-natural-4-1-1005x1024.jpg 1005w, https:\/\/www.revista-insaiguaviva.org\/curs2019-2020\/wp-content\/uploads\/2020\/05\/3ESO-REFORC\u0327-Projecte-Hort-Jardi-geometria-natural-4-1-294x300.jpg 294w, https:\/\/www.revista-insaiguaviva.org\/curs2019-2020\/wp-content\/uploads\/2020\/05\/3ESO-REFORC\u0327-Projecte-Hort-Jardi-geometria-natural-4-1-768x783.jpg 768w, https:\/\/www.revista-insaiguaviva.org\/curs2019-2020\/wp-content\/uploads\/2020\/05\/3ESO-REFORC\u0327-Projecte-Hort-Jardi-geometria-natural-4-1.jpg 1508w\" sizes=\"auto, (max-width: 767px) 89vw, (max-width: 1000px) 54vw, (max-width: 1071px) 543px, 580px\" \/><\/figure>\n\n\n\n<figure class=\"wp-block-image size-large\"><img loading=\"lazy\" decoding=\"async\" width=\"1005\" height=\"1024\" src=\"https:\/\/www.revista-insaiguaviva.org\/curs2019-2020\/wp-content\/uploads\/2020\/05\/3ESO-REFORC\u0327-Projecte-Hort-Jardi-geometria-natural-5-1-1005x1024.jpg\" alt=\"\" class=\"wp-image-979\" srcset=\"https:\/\/www.revista-insaiguaviva.org\/curs2019-2020\/wp-content\/uploads\/2020\/05\/3ESO-REFORC\u0327-Projecte-Hort-Jardi-geometria-natural-5-1-1005x1024.jpg 1005w, https:\/\/www.revista-insaiguaviva.org\/curs2019-2020\/wp-content\/uploads\/2020\/05\/3ESO-REFORC\u0327-Projecte-Hort-Jardi-geometria-natural-5-1-294x300.jpg 294w, https:\/\/www.revista-insaiguaviva.org\/curs2019-2020\/wp-content\/uploads\/2020\/05\/3ESO-REFORC\u0327-Projecte-Hort-Jardi-geometria-natural-5-1-768x783.jpg 768w, https:\/\/www.revista-insaiguaviva.org\/curs2019-2020\/wp-content\/uploads\/2020\/05\/3ESO-REFORC\u0327-Projecte-Hort-Jardi-geometria-natural-5-1.jpg 1508w\" sizes=\"auto, (max-width: 767px) 89vw, (max-width: 1000px) 54vw, (max-width: 1071px) 543px, 580px\" \/><\/figure>\n\n\n\n<p><em>Em sembla que tenen un valor molt bonic, sobretot si penso que aquests nois ho han fet en aquestes circunst\u00e0ncies\u00a0tan estranyes&#8230; Confio que aquesta petita estona que han dedicat a tra\u00e7ar unes formes, a observar unes flors i a obtenir una imatge o una figura,\u00a0\u00a0contindr\u00e0 un g\u00e8rmen\u00a0d&#8217;aprenentatges i coneixements futurs (&#8230;). Jo rebo aquests dibuixos i sento una emoci\u00f3 semblant a la que em produeix mirar una flor de veritat&#8230; i deu ser perqu\u00e8 aquests dibuixos contenen veritat<\/em>.<\/p>\n","protected":false},"excerpt":{"rendered":"<p>Us presentem els collages que ha realitzat el Xavi Bentu\u00e9 amb algunes imatges que ha anat rebent aquests darrers dies de treballs d&#8217;alumnes. Les imatges dels &#8220;bacteri\u00f2fags&#8221; surten de tot aquest projecte que hem anat desgranant amb els de 3r ESO a l&#8217;entorn del m\u00f3n del virus i certes estructures geom\u00e8triques que presenten.\u00a0\u00a0 Les imatges &hellip; <\/p>\n<p class=\"link-more\"><a href=\"https:\/\/www.revista-insaiguaviva.org\/curs2019-2020\/2020\/05\/04\/estructures-formes-imatges\/\" class=\"more-link\">Continua llegint <span class=\"screen-reader-text\">\u00abEstructures, formes, imatges&#8230;\u00bb<\/span><\/a><\/p>\n","protected":false},"author":2,"featured_media":0,"comment_status":"open","ping_status":"open","sticky":false,"template":"","format":"standard","meta":{"footnotes":""},"categories":[76],"tags":[],"class_list":["post-963","post","type-post","status-publish","format-standard","hentry","category-estructures-formes-imatges"],"_links":{"self":[{"href":"https:\/\/www.revista-insaiguaviva.org\/curs2019-2020\/wp-json\/wp\/v2\/posts\/963","targetHints":{"allow":["GET"]}}],"collection":[{"href":"https:\/\/www.revista-insaiguaviva.org\/curs2019-2020\/wp-json\/wp\/v2\/posts"}],"about":[{"href":"https:\/\/www.revista-insaiguaviva.org\/curs2019-2020\/wp-json\/wp\/v2\/types\/post"}],"author":[{"embeddable":true,"href":"https:\/\/www.revista-insaiguaviva.org\/curs2019-2020\/wp-json\/wp\/v2\/users\/2"}],"replies":[{"embeddable":true,"href":"https:\/\/www.revista-insaiguaviva.org\/curs2019-2020\/wp-json\/wp\/v2\/comments?post=963"}],"version-history":[{"count":4,"href":"https:\/\/www.revista-insaiguaviva.org\/curs2019-2020\/wp-json\/wp\/v2\/posts\/963\/revisions"}],"predecessor-version":[{"id":983,"href":"https:\/\/www.revista-insaiguaviva.org\/curs2019-2020\/wp-json\/wp\/v2\/posts\/963\/revisions\/983"}],"wp:attachment":[{"href":"https:\/\/www.revista-insaiguaviva.org\/curs2019-2020\/wp-json\/wp\/v2\/media?parent=963"}],"wp:term":[{"taxonomy":"category","embeddable":true,"href":"https:\/\/www.revista-insaiguaviva.org\/curs2019-2020\/wp-json\/wp\/v2\/categories?post=963"},{"taxonomy":"post_tag","embeddable":true,"href":"https:\/\/www.revista-insaiguaviva.org\/curs2019-2020\/wp-json\/wp\/v2\/tags?post=963"}],"curies":[{"name":"wp","href":"https:\/\/api.w.org\/{rel}","templated":true}]}}