{"id":266,"date":"2021-02-20T20:46:58","date_gmt":"2021-02-20T18:46:58","guid":{"rendered":"https:\/\/www.revista-insaiguaviva.org\/curs2020-2021\/?p=266"},"modified":"2021-02-21T12:10:20","modified_gmt":"2021-02-21T10:10:20","slug":"carnaval-2021","status":"publish","type":"post","link":"https:\/\/www.revista-insaiguaviva.org\/curs2020-2021\/2021\/02\/20\/carnaval-2021\/","title":{"rendered":"Carnaval 2021"},"content":{"rendered":"\n<p>Tot i que aquest any no hem pogut treure el nostre Carnestoltes al carrer, hem pogut celebrar el Carnaval, d&#8217;una forma una mica diferent, \u00e9s cert, per\u00f2 amb unes ganes i un entusiasme incre\u00efbles. Us felicitem a tots per la fant\u00e0stica i extraordin\u00e0ria participaci\u00f3. <\/p>\n\n\n\n<p><a href=\"https:\/\/photos.app.goo.gl\/HRR2MWmmjcPsYwDv8\" target=\"_blank\" rel=\"noreferrer noopener\">Si cliqueu aqu\u00ed,<\/a> podreu veure moltes fotografies i v\u00eddeos d&#8217;aquest dia. <\/p>\n\n\n\n<figure class=\"wp-block-embed-youtube wp-block-embed is-type-video is-provider-youtube wp-embed-aspect-16-9 wp-has-aspect-ratio\"><div class=\"wp-block-embed__wrapper\">\n<iframe loading=\"lazy\" title=\"UNDER THE SEA\" width=\"525\" height=\"295\" src=\"https:\/\/www.youtube.com\/embed\/sfdgDyJr4z8?feature=oembed\" frameborder=\"0\" allow=\"accelerometer; autoplay; clipboard-write; encrypted-media; gyroscope; picture-in-picture; web-share\" referrerpolicy=\"strict-origin-when-cross-origin\" allowfullscreen><\/iframe>\n<\/div><\/figure>\n","protected":false},"excerpt":{"rendered":"<p>Tot i que aquest any no hem pogut treure el nostre Carnestoltes al carrer, hem pogut celebrar el Carnaval, d&#8217;una forma una mica diferent, \u00e9s cert, per\u00f2 amb unes ganes i un entusiasme incre\u00efbles. Us felicitem a tots per la fant\u00e0stica i extraordin\u00e0ria participaci\u00f3. Si cliqueu aqu\u00ed, podreu veure moltes fotografies i v\u00eddeos d&#8217;aquest dia.<\/p>\n","protected":false},"author":2,"featured_media":0,"comment_status":"open","ping_status":"open","sticky":false,"template":"","format":"standard","meta":{"footnotes":""},"categories":[49],"tags":[],"class_list":["post-266","post","type-post","status-publish","format-standard","hentry","category-carnaval-2021"],"_links":{"self":[{"href":"https:\/\/www.revista-insaiguaviva.org\/curs2020-2021\/wp-json\/wp\/v2\/posts\/266","targetHints":{"allow":["GET"]}}],"collection":[{"href":"https:\/\/www.revista-insaiguaviva.org\/curs2020-2021\/wp-json\/wp\/v2\/posts"}],"about":[{"href":"https:\/\/www.revista-insaiguaviva.org\/curs2020-2021\/wp-json\/wp\/v2\/types\/post"}],"author":[{"embeddable":true,"href":"https:\/\/www.revista-insaiguaviva.org\/curs2020-2021\/wp-json\/wp\/v2\/users\/2"}],"replies":[{"embeddable":true,"href":"https:\/\/www.revista-insaiguaviva.org\/curs2020-2021\/wp-json\/wp\/v2\/comments?post=266"}],"version-history":[{"count":4,"href":"https:\/\/www.revista-insaiguaviva.org\/curs2020-2021\/wp-json\/wp\/v2\/posts\/266\/revisions"}],"predecessor-version":[{"id":270,"href":"https:\/\/www.revista-insaiguaviva.org\/curs2020-2021\/wp-json\/wp\/v2\/posts\/266\/revisions\/270"}],"wp:attachment":[{"href":"https:\/\/www.revista-insaiguaviva.org\/curs2020-2021\/wp-json\/wp\/v2\/media?parent=266"}],"wp:term":[{"taxonomy":"category","embeddable":true,"href":"https:\/\/www.revista-insaiguaviva.org\/curs2020-2021\/wp-json\/wp\/v2\/categories?post=266"},{"taxonomy":"post_tag","embeddable":true,"href":"https:\/\/www.revista-insaiguaviva.org\/curs2020-2021\/wp-json\/wp\/v2\/tags?post=266"}],"curies":[{"name":"wp","href":"https:\/\/api.w.org\/{rel}","templated":true}]}}