{"id":1006,"date":"2022-06-28T13:46:56","date_gmt":"2022-06-28T11:46:56","guid":{"rendered":"https:\/\/www.revista-insaiguaviva.org\/curs2021-2022\/?p=1006"},"modified":"2022-06-28T21:54:37","modified_gmt":"2022-06-28T19:54:37","slug":"graduacio-4t-deso","status":"publish","type":"post","link":"https:\/\/www.revista-insaiguaviva.org\/curs2021-2022\/2022\/06\/28\/graduacio-4t-deso\/","title":{"rendered":"Graduaci\u00f3 4t d&#8217;ESO"},"content":{"rendered":"\n<p>El passat dimecres, dia 22 de juny, es va graduar la vuitena promoci\u00f3 de 4t d&#8217;ESO del nostre centre. L&#8217;acte va tenir lloc al Mercat Vell de la nostra poblaci\u00f3. Van assistir-hi familiars, amitats i professorat. Agra\u00efm la col.laboraci\u00f3 de l&#8217;AFA en aquest acte, aix\u00ed com a tots els participants. <\/p>\n\n\n\n<p>Molta sort en aquesta nova etapa!<\/p>\n\n\n\n<figure class=\"wp-block-image size-large\"><img loading=\"lazy\" decoding=\"async\" width=\"1024\" height=\"683\" src=\"https:\/\/www.revista-insaiguaviva.org\/curs2021-2022\/wp-content\/uploads\/2022\/06\/IMG_2398-1024x683.jpg\" alt=\"\" class=\"wp-image-1009\" srcset=\"https:\/\/www.revista-insaiguaviva.org\/curs2021-2022\/wp-content\/uploads\/2022\/06\/IMG_2398-1024x683.jpg 1024w, https:\/\/www.revista-insaiguaviva.org\/curs2021-2022\/wp-content\/uploads\/2022\/06\/IMG_2398-300x200.jpg 300w, https:\/\/www.revista-insaiguaviva.org\/curs2021-2022\/wp-content\/uploads\/2022\/06\/IMG_2398-768x512.jpg 768w, https:\/\/www.revista-insaiguaviva.org\/curs2021-2022\/wp-content\/uploads\/2022\/06\/IMG_2398-1536x1024.jpg 1536w, https:\/\/www.revista-insaiguaviva.org\/curs2021-2022\/wp-content\/uploads\/2022\/06\/IMG_2398-2048x1365.jpg 2048w\" sizes=\"auto, (max-width: 767px) 89vw, (max-width: 1000px) 54vw, (max-width: 1071px) 543px, 580px\" \/><\/figure>\n\n\n\n<p>Podeu veure el v\u00eddeo que va fer l&#8217;Arianna Alcalde i algunes fotografies clicant <a href=\"https:\/\/photos.app.goo.gl\/2CuoCysHpS86k7dc8\" target=\"_blank\" rel=\"noreferrer noopener\">aqu\u00ed.<\/a><\/p>\n","protected":false},"excerpt":{"rendered":"<p>El passat dimecres, dia 22 de juny, es va graduar la vuitena promoci\u00f3 de 4t d&#8217;ESO del nostre centre. L&#8217;acte va tenir lloc al Mercat Vell de la nostra poblaci\u00f3. Van assistir-hi familiars, amitats i professorat. Agra\u00efm la col.laboraci\u00f3 de l&#8217;AFA en aquest acte, aix\u00ed com a tots els participants. Molta sort en aquesta nova &hellip; <\/p>\n<p class=\"link-more\"><a href=\"https:\/\/www.revista-insaiguaviva.org\/curs2021-2022\/2022\/06\/28\/graduacio-4t-deso\/\" class=\"more-link\">Continua llegint <span class=\"screen-reader-text\">\u00abGraduaci\u00f3 4t d&#8217;ESO\u00bb<\/span><\/a><\/p>\n","protected":false},"author":2,"featured_media":0,"comment_status":"open","ping_status":"open","sticky":false,"template":"","format":"standard","meta":{"footnotes":""},"categories":[6,124],"tags":[],"class_list":["post-1006","post","type-post","status-publish","format-standard","hentry","category-celebracions","category-graduacio-4-eso"],"_links":{"self":[{"href":"https:\/\/www.revista-insaiguaviva.org\/curs2021-2022\/wp-json\/wp\/v2\/posts\/1006","targetHints":{"allow":["GET"]}}],"collection":[{"href":"https:\/\/www.revista-insaiguaviva.org\/curs2021-2022\/wp-json\/wp\/v2\/posts"}],"about":[{"href":"https:\/\/www.revista-insaiguaviva.org\/curs2021-2022\/wp-json\/wp\/v2\/types\/post"}],"author":[{"embeddable":true,"href":"https:\/\/www.revista-insaiguaviva.org\/curs2021-2022\/wp-json\/wp\/v2\/users\/2"}],"replies":[{"embeddable":true,"href":"https:\/\/www.revista-insaiguaviva.org\/curs2021-2022\/wp-json\/wp\/v2\/comments?post=1006"}],"version-history":[{"count":5,"href":"https:\/\/www.revista-insaiguaviva.org\/curs2021-2022\/wp-json\/wp\/v2\/posts\/1006\/revisions"}],"predecessor-version":[{"id":1023,"href":"https:\/\/www.revista-insaiguaviva.org\/curs2021-2022\/wp-json\/wp\/v2\/posts\/1006\/revisions\/1023"}],"wp:attachment":[{"href":"https:\/\/www.revista-insaiguaviva.org\/curs2021-2022\/wp-json\/wp\/v2\/media?parent=1006"}],"wp:term":[{"taxonomy":"category","embeddable":true,"href":"https:\/\/www.revista-insaiguaviva.org\/curs2021-2022\/wp-json\/wp\/v2\/categories?post=1006"},{"taxonomy":"post_tag","embeddable":true,"href":"https:\/\/www.revista-insaiguaviva.org\/curs2021-2022\/wp-json\/wp\/v2\/tags?post=1006"}],"curies":[{"name":"wp","href":"https:\/\/api.w.org\/{rel}","templated":true}]}}