{"id":315,"date":"2021-11-30T23:59:30","date_gmt":"2021-11-30T21:59:30","guid":{"rendered":"https:\/\/www.revista-insaiguaviva.org\/curs2021-2022\/?p=315"},"modified":"2021-12-10T20:11:57","modified_gmt":"2021-12-10T18:11:57","slug":"tomar-la-palabra","status":"publish","type":"post","link":"https:\/\/www.revista-insaiguaviva.org\/curs2021-2022\/2021\/11\/30\/tomar-la-palabra\/","title":{"rendered":"Tomar la palabra"},"content":{"rendered":"\n<p>Els alumnes de 4t d&#8217;ESO han estat treballant les frases fetes a l&#8217;assignatura de llengua castellana i han fet escrits a partir d&#8217;algunes d&#8217;elles, per\u00f2 no agafant-les en sentit figurat, sin\u00f3 en sentit literal. Llegiu per veure quines coses se&#8217;ls acudeixen!<\/p>\n\n\n\n<p><\/p>\n\n\n\n<ul class=\"wp-block-list\"><li><strong>COSTAR UN OJO DE LA CARA<\/strong><\/li><\/ul>\n\n\n\n<p>&#8211; Buenas tardes, se\u00f1or, \u00bfpuedo ayudarle en algo?<\/p>\n\n\n\n<p>&#8211; Me gustar\u00eda comprarle a mi pareja una de vuestras mejores joyas. Quiz\u00e1 un brazalete o unos pendientes. \u00bfPodr\u00eda ense\u00f1arme lo que tiene?<\/p>\n\n\n\n<p>&#8211; \u00a1Por supuesto! Este par de bandejas contienen joyas de oro blanco macizo; las de la bandeja derecha cuestan una oreja y las de la izquierda, un dedo.<\/p>\n\n\n\n<p>&#8211; De acuerdo\u2026 Me gustan mucho estos pendientes, pero ya perd\u00ed hace meses un dedo, me gustar\u00eda conservar el resto. \u00bfHay alguna otra opci\u00f3n de pago?<\/p>\n\n\n\n<p>&#8211; Bueno, como es un fiel cliente, quiz\u00e1 podr\u00eda pagarnos con su ojo. \u00bfQu\u00e9 le parece?<\/p>\n\n\n\n<p>&#8211; Lo prefiero as\u00ed, p\u00f3ngame esos pendientes para regalo.<\/p>\n\n\n\n<p><strong>\u00c8LIA OLIVA \u2013 4B ESO<\/strong><\/p>\n\n\n\n<ul class=\"wp-block-list\"><li><strong>METER ALGO POR LOS OJOS<\/strong><\/li><\/ul>\n\n\n\n<p>Cuando el profesor de matem\u00e1ticas insist\u00eda en que explicaba bien, aunque no era cierto, decidi\u00f3 meter sus propios apuntes por los ojos de una alumna, pero no lo consigui\u00f3; por eso, escogi\u00f3 a otro alumno.<\/p>\n\n\n\n<p>Al final, el pobre ni\u00f1o fue ingresado en el hospital, el profesor fue expulsado y los alumnos festejaron su expulsi\u00f3n.<\/p>\n\n\n\n<p><strong>KAWTAR AL YAZNASNI \u2013 4C ESO<\/strong><\/p>\n\n\n\n<ul class=\"wp-block-list\"><li><strong>CALENTARLE LA CABEZA A ALGUIEN<\/strong><\/li><\/ul>\n\n\n\n<p>Sergio era un dentista que ten\u00eda un fetiche con las cabezas. Ten\u00eda un paciente con una cabeza especialmente grande. Sergio so\u00f1aba con calentarle la cabeza, sol\u00eda pensar en diferentes m\u00e9todos: con estufas, meti\u00e9ndolo en un horno, en el microondas, en la barbacoa\u2026&nbsp;<\/p>\n\n\n\n<p>Un d\u00eda, el paciente lleg\u00f3 a la consulta para la revisi\u00f3n de los<em> brackets<\/em>. A \u00e9l le dol\u00eda la cabeza; por lo tanto, se hab\u00eda tomado una aspirina. Sergio empez\u00f3 a poner estufas alrededor de la cabeza. Se calent\u00f3 tanto que explot\u00f3. El paciente muri\u00f3.<\/p>\n\n\n\n<p><strong>NAIARA BLANCO \u2013 4B ESO<\/strong><\/p>\n\n\n\n<ul class=\"wp-block-list\"><li><strong>CALENTARLE A ALGUIEN LA CABEZA<\/strong><\/li><\/ul>\n\n\n\n<p>Cuando Ana lleg\u00f3 a su casa, le explic\u00f3 su intenso d\u00eda a su padre. \u00c9l, harto de escuchar, le dijo que dejase de calentarle la cabeza. Ana se ofendi\u00f3 porque seg\u00fan ella no le estaba ni tocando y no entend\u00eda c\u00f3mo se le pod\u00eda estar calentando la cabeza. Finalmente, el padre no pod\u00eda parar de re\u00edr.<\/p>\n\n\n\n<p><strong>ARIANNA ALCALDE \u2013 4C ESO<\/strong><\/p>\n\n\n\n<ul class=\"wp-block-list\"><li><strong>COSTAR UN OJO DE LA CARA<\/strong><\/li><\/ul>\n\n\n\n<p>Juan esperaba con ansia el d\u00eda de las rebajas. El motivo era muy simple: hac\u00eda mucho tiempo que quer\u00eda un m\u00f3vil, pero este era muy caro, car\u00edsimo, y \u00e9l pod\u00eda ir tirando con el que ten\u00eda. D\u00edas m\u00e1s tarde, se le rompi\u00f3. Como era un hombre muy atareado, se le pas\u00f3 el gran d\u00eda, pero decidi\u00f3 compr\u00e1rselo igual. Acto seguido, se qued\u00f3 ciego.&nbsp;&nbsp;<\/p>\n\n\n\n<p><strong>ARIANNA ALCALDE \u2013 4C ESO<\/strong><\/p>\n\n\n\n<ul class=\"wp-block-list\"><li><strong>TENER LA CABEZA LLENA DE P\u00c1JAROS<\/strong><\/li><\/ul>\n\n\n\n<p>Y ah\u00ed me encontraba yo, por muy ocurrente que pueda sonar, ten\u00eda mi cabeza llena de p\u00e1jaros. Estaba sentado en un banco de un parque y de pronto ocurri\u00f3. Algo bastante extra\u00f1o, por cierto: llegaron los p\u00e1jaros sin ning\u00fan motivo. Muchas de las personas de mi alrededor pensar\u00edan que me atacaban o, todo lo contrario, que era el nuevo domador de aves. Pero realmente no era ninguna de las dos cosas: antes de ir a ese parque hab\u00eda ca\u00eddo comida de p\u00e1jaros sobre mi cabeza, cre\u00ed haberlo quitado todo, pero, como podemos observar, me equivoqu\u00e9: aun hab\u00eda comida de p\u00e1jaros sobre m\u00ed.<\/p>\n\n\n\n<p><strong>DENISSE MONCAYO \u2013 4C ESO<\/strong><\/p>\n\n\n\n<ul class=\"wp-block-list\"><li><strong>COSTAR UN OJO DE LA CARA<\/strong><\/li><\/ul>\n\n\n\n<p>Iago pag\u00f3 su nuevo coche, aunque le cost\u00f3 un ojo de la cara. El se\u00f1or del concesionario estuvo a punto de rechazar el ojo porque ten\u00eda mucha sangre, pero finalmente lo limpi\u00f3 y Iago se pudo llevar su Seat Ibiza. Al faltarle un ojo, le costaba conducir, aunque finalmente consigui\u00f3 llegar a casa sano y salvo, pero con un ojo menos.<\/p>\n\n\n\n<p><strong>ARNAU VICENTE &#8211; 4B ESO<\/strong><strong><\/strong><\/p>\n","protected":false},"excerpt":{"rendered":"<p>Els alumnes de 4t d&#8217;ESO han estat treballant les frases fetes a l&#8217;assignatura de llengua castellana i han fet escrits a partir d&#8217;algunes d&#8217;elles, per\u00f2 no agafant-les en sentit figurat, sin\u00f3 en sentit literal. Llegiu per veure quines coses se&#8217;ls acudeixen! COSTAR UN OJO DE LA CARA &#8211; Buenas tardes, se\u00f1or, \u00bfpuedo ayudarle en algo? &hellip; <\/p>\n<p class=\"link-more\"><a href=\"https:\/\/www.revista-insaiguaviva.org\/curs2021-2022\/2021\/11\/30\/tomar-la-palabra\/\" class=\"more-link\">Continua llegint <span class=\"screen-reader-text\">\u00abTomar la palabra\u00bb<\/span><\/a><\/p>\n","protected":false},"author":2,"featured_media":0,"comment_status":"open","ping_status":"open","sticky":false,"template":"","format":"standard","meta":{"footnotes":""},"categories":[22,56],"tags":[],"class_list":["post-315","post","type-post","status-publish","format-standard","hentry","category-llengua-castellana","category-tomar-la-palabra-4-eso"],"_links":{"self":[{"href":"https:\/\/www.revista-insaiguaviva.org\/curs2021-2022\/wp-json\/wp\/v2\/posts\/315","targetHints":{"allow":["GET"]}}],"collection":[{"href":"https:\/\/www.revista-insaiguaviva.org\/curs2021-2022\/wp-json\/wp\/v2\/posts"}],"about":[{"href":"https:\/\/www.revista-insaiguaviva.org\/curs2021-2022\/wp-json\/wp\/v2\/types\/post"}],"author":[{"embeddable":true,"href":"https:\/\/www.revista-insaiguaviva.org\/curs2021-2022\/wp-json\/wp\/v2\/users\/2"}],"replies":[{"embeddable":true,"href":"https:\/\/www.revista-insaiguaviva.org\/curs2021-2022\/wp-json\/wp\/v2\/comments?post=315"}],"version-history":[{"count":2,"href":"https:\/\/www.revista-insaiguaviva.org\/curs2021-2022\/wp-json\/wp\/v2\/posts\/315\/revisions"}],"predecessor-version":[{"id":318,"href":"https:\/\/www.revista-insaiguaviva.org\/curs2021-2022\/wp-json\/wp\/v2\/posts\/315\/revisions\/318"}],"wp:attachment":[{"href":"https:\/\/www.revista-insaiguaviva.org\/curs2021-2022\/wp-json\/wp\/v2\/media?parent=315"}],"wp:term":[{"taxonomy":"category","embeddable":true,"href":"https:\/\/www.revista-insaiguaviva.org\/curs2021-2022\/wp-json\/wp\/v2\/categories?post=315"},{"taxonomy":"post_tag","embeddable":true,"href":"https:\/\/www.revista-insaiguaviva.org\/curs2021-2022\/wp-json\/wp\/v2\/tags?post=315"}],"curies":[{"name":"wp","href":"https:\/\/api.w.org\/{rel}","templated":true}]}}