{"id":400,"date":"2021-12-22T10:13:00","date_gmt":"2021-12-22T08:13:00","guid":{"rendered":"https:\/\/www.revista-insaiguaviva.org\/curs2021-2022\/?p=400"},"modified":"2021-12-22T12:14:21","modified_gmt":"2021-12-22T10:14:21","slug":"danses-escoceses","status":"publish","type":"post","link":"https:\/\/www.revista-insaiguaviva.org\/curs2021-2022\/2021\/12\/22\/danses-escoceses\/","title":{"rendered":"Danses escoceses"},"content":{"rendered":"\n<p>El passat dimecres, dia 15 de desembre, els alumnes de segon d&#8217;ESO van participar en un taller de danses escoceses organitzat pel departament de lleng\u00fces estrangeres. Com podeu veure a les fotos, tenen una gran habilitat per a aquesta dansa!<\/p>\n\n\n\n<figure class=\"wp-block-image size-large\"><img loading=\"lazy\" decoding=\"async\" width=\"1024\" height=\"768\" src=\"https:\/\/www.revista-insaiguaviva.org\/curs2021-2022\/wp-content\/uploads\/2021\/12\/1640166705441-1024x768.jpg\" alt=\"\" class=\"wp-image-401\" srcset=\"https:\/\/www.revista-insaiguaviva.org\/curs2021-2022\/wp-content\/uploads\/2021\/12\/1640166705441-1024x768.jpg 1024w, https:\/\/www.revista-insaiguaviva.org\/curs2021-2022\/wp-content\/uploads\/2021\/12\/1640166705441-300x225.jpg 300w, https:\/\/www.revista-insaiguaviva.org\/curs2021-2022\/wp-content\/uploads\/2021\/12\/1640166705441-768x576.jpg 768w, https:\/\/www.revista-insaiguaviva.org\/curs2021-2022\/wp-content\/uploads\/2021\/12\/1640166705441-1536x1152.jpg 1536w, https:\/\/www.revista-insaiguaviva.org\/curs2021-2022\/wp-content\/uploads\/2021\/12\/1640166705441.jpg 2048w\" sizes=\"auto, (max-width: 767px) 89vw, (max-width: 1000px) 54vw, (max-width: 1071px) 543px, 580px\" \/><\/figure>\n\n\n\n<p>M\u00e9s fotos, <a href=\"https:\/\/photos.app.goo.gl\/8RQkedCCanA78jmL9\" target=\"_blank\" rel=\"noreferrer noopener\">aqu\u00ed. <\/a><\/p>\n","protected":false},"excerpt":{"rendered":"<p>El passat dimecres, dia 15 de desembre, els alumnes de segon d&#8217;ESO van participar en un taller de danses escoceses organitzat pel departament de lleng\u00fces estrangeres. Com podeu veure a les fotos, tenen una gran habilitat per a aquesta dansa! M\u00e9s fotos, aqu\u00ed.<\/p>\n","protected":false},"author":2,"featured_media":0,"comment_status":"open","ping_status":"open","sticky":false,"template":"","format":"standard","meta":{"footnotes":""},"categories":[65,23],"tags":[],"class_list":["post-400","post","type-post","status-publish","format-standard","hentry","category-danses-escoceses-2-eso","category-llengues-estrangeres"],"_links":{"self":[{"href":"https:\/\/www.revista-insaiguaviva.org\/curs2021-2022\/wp-json\/wp\/v2\/posts\/400","targetHints":{"allow":["GET"]}}],"collection":[{"href":"https:\/\/www.revista-insaiguaviva.org\/curs2021-2022\/wp-json\/wp\/v2\/posts"}],"about":[{"href":"https:\/\/www.revista-insaiguaviva.org\/curs2021-2022\/wp-json\/wp\/v2\/types\/post"}],"author":[{"embeddable":true,"href":"https:\/\/www.revista-insaiguaviva.org\/curs2021-2022\/wp-json\/wp\/v2\/users\/2"}],"replies":[{"embeddable":true,"href":"https:\/\/www.revista-insaiguaviva.org\/curs2021-2022\/wp-json\/wp\/v2\/comments?post=400"}],"version-history":[{"count":1,"href":"https:\/\/www.revista-insaiguaviva.org\/curs2021-2022\/wp-json\/wp\/v2\/posts\/400\/revisions"}],"predecessor-version":[{"id":402,"href":"https:\/\/www.revista-insaiguaviva.org\/curs2021-2022\/wp-json\/wp\/v2\/posts\/400\/revisions\/402"}],"wp:attachment":[{"href":"https:\/\/www.revista-insaiguaviva.org\/curs2021-2022\/wp-json\/wp\/v2\/media?parent=400"}],"wp:term":[{"taxonomy":"category","embeddable":true,"href":"https:\/\/www.revista-insaiguaviva.org\/curs2021-2022\/wp-json\/wp\/v2\/categories?post=400"},{"taxonomy":"post_tag","embeddable":true,"href":"https:\/\/www.revista-insaiguaviva.org\/curs2021-2022\/wp-json\/wp\/v2\/tags?post=400"}],"curies":[{"name":"wp","href":"https:\/\/api.w.org\/{rel}","templated":true}]}}