{"id":873,"date":"2022-04-26T13:25:47","date_gmt":"2022-04-26T11:25:47","guid":{"rendered":"https:\/\/www.revista-insaiguaviva.org\/curs2021-2022\/?p=873"},"modified":"2022-05-07T12:43:39","modified_gmt":"2022-05-07T10:43:39","slug":"monestir-de-sant-benet-i-fundacio-alicia","status":"publish","type":"post","link":"https:\/\/www.revista-insaiguaviva.org\/curs2021-2022\/2022\/04\/26\/monestir-de-sant-benet-i-fundacio-alicia\/","title":{"rendered":"Monestir de Sant Benet i Fundaci\u00f3 Al\u00edcia"},"content":{"rendered":"\n<p>Els alumnes de 2n A i B d&#8217;ESO van realitzar ahir, 25 d&#8217;abril, una sortida al Monestir de Sant Benet de Bages i a la Fundaci\u00f3 Al\u00edcia. <\/p>\n\n\n\n<figure class=\"wp-block-image size-large\"><img loading=\"lazy\" decoding=\"async\" width=\"1024\" height=\"461\" src=\"https:\/\/www.revista-insaiguaviva.org\/curs2021-2022\/wp-content\/uploads\/2022\/04\/1650971484694-1024x461.jpg\" alt=\"\" class=\"wp-image-874\" srcset=\"https:\/\/www.revista-insaiguaviva.org\/curs2021-2022\/wp-content\/uploads\/2022\/04\/1650971484694-1024x461.jpg 1024w, https:\/\/www.revista-insaiguaviva.org\/curs2021-2022\/wp-content\/uploads\/2022\/04\/1650971484694-300x135.jpg 300w, https:\/\/www.revista-insaiguaviva.org\/curs2021-2022\/wp-content\/uploads\/2022\/04\/1650971484694-768x346.jpg 768w, https:\/\/www.revista-insaiguaviva.org\/curs2021-2022\/wp-content\/uploads\/2022\/04\/1650971484694-1536x691.jpg 1536w, https:\/\/www.revista-insaiguaviva.org\/curs2021-2022\/wp-content\/uploads\/2022\/04\/1650971484694.jpg 2000w\" sizes=\"auto, (max-width: 767px) 89vw, (max-width: 1000px) 54vw, (max-width: 1071px) 543px, 580px\" \/><\/figure>\n\n\n\n<p>Podeu veure algunes fotografies clicant <a href=\"https:\/\/photos.app.goo.gl\/h86fMhxVvV51cwJV6\" target=\"_blank\" rel=\"noreferrer noopener\">aqu\u00ed<\/a><a href=\"https:\/\/photos.app.goo.gl\/h86fMhxVvV51cwJV6\">.<\/a> <\/p>\n","protected":false},"excerpt":{"rendered":"<p>Els alumnes de 2n A i B d&#8217;ESO van realitzar ahir, 25 d&#8217;abril, una sortida al Monestir de Sant Benet de Bages i a la Fundaci\u00f3 Al\u00edcia. Podeu veure algunes fotografies clicant aqu\u00ed.<\/p>\n","protected":false},"author":2,"featured_media":0,"comment_status":"open","ping_status":"open","sticky":false,"template":"","format":"standard","meta":{"footnotes":""},"categories":[107],"tags":[],"class_list":["post-873","post","type-post","status-publish","format-standard","hentry","category-sant-benet-i-fundacio-alicia-2-a-i-b-eso"],"_links":{"self":[{"href":"https:\/\/www.revista-insaiguaviva.org\/curs2021-2022\/wp-json\/wp\/v2\/posts\/873","targetHints":{"allow":["GET"]}}],"collection":[{"href":"https:\/\/www.revista-insaiguaviva.org\/curs2021-2022\/wp-json\/wp\/v2\/posts"}],"about":[{"href":"https:\/\/www.revista-insaiguaviva.org\/curs2021-2022\/wp-json\/wp\/v2\/types\/post"}],"author":[{"embeddable":true,"href":"https:\/\/www.revista-insaiguaviva.org\/curs2021-2022\/wp-json\/wp\/v2\/users\/2"}],"replies":[{"embeddable":true,"href":"https:\/\/www.revista-insaiguaviva.org\/curs2021-2022\/wp-json\/wp\/v2\/comments?post=873"}],"version-history":[{"count":2,"href":"https:\/\/www.revista-insaiguaviva.org\/curs2021-2022\/wp-json\/wp\/v2\/posts\/873\/revisions"}],"predecessor-version":[{"id":907,"href":"https:\/\/www.revista-insaiguaviva.org\/curs2021-2022\/wp-json\/wp\/v2\/posts\/873\/revisions\/907"}],"wp:attachment":[{"href":"https:\/\/www.revista-insaiguaviva.org\/curs2021-2022\/wp-json\/wp\/v2\/media?parent=873"}],"wp:term":[{"taxonomy":"category","embeddable":true,"href":"https:\/\/www.revista-insaiguaviva.org\/curs2021-2022\/wp-json\/wp\/v2\/categories?post=873"},{"taxonomy":"post_tag","embeddable":true,"href":"https:\/\/www.revista-insaiguaviva.org\/curs2021-2022\/wp-json\/wp\/v2\/tags?post=873"}],"curies":[{"name":"wp","href":"https:\/\/api.w.org\/{rel}","templated":true}]}}