{"id":879,"date":"2022-04-27T12:37:20","date_gmt":"2022-04-27T10:37:20","guid":{"rendered":"https:\/\/www.revista-insaiguaviva.org\/curs2021-2022\/?p=879"},"modified":"2022-04-28T10:59:48","modified_gmt":"2022-04-28T08:59:48","slug":"delf-2022","status":"publish","type":"post","link":"https:\/\/www.revista-insaiguaviva.org\/curs2021-2022\/2022\/04\/27\/delf-2022\/","title":{"rendered":"DELF 2022"},"content":{"rendered":"\n<p>L\u2019Anth\u00e9a, auxiliar de conversa de franc\u00e8s, i la Carme Castillo, professora de franc\u00e8s, volen desitjar molta sort als nostres alumnes que es presenten a l\u2019examen oficial del Delf. Ells s\u00f3n: Arianna Alcalde, Naiara Blanco,\u00a0 Judit Calduch, Maria Ma\u00f1osa i Sergi Mart\u00ednez, de 4tESO; Michelle C\u00e1rdenas, \u00c1frica i Eric Mart\u00ednez, Maria de Manuel, Gerard Turnez de 1er Batx; i Mar Escud\u00e9, N\u00faria Garc\u00eda i N\u00faria P\u00e9rez, de 2onBatx.\u00a0Bon courage!!!<\/p>\n\n\n\n<figure class=\"wp-block-image size-large\"><img loading=\"lazy\" decoding=\"async\" width=\"1024\" height=\"766\" src=\"https:\/\/www.revista-insaiguaviva.org\/curs2021-2022\/wp-content\/uploads\/2022\/04\/IMG-20220427-WA0004-1024x766.jpg\" alt=\"\" class=\"wp-image-880\" srcset=\"https:\/\/www.revista-insaiguaviva.org\/curs2021-2022\/wp-content\/uploads\/2022\/04\/IMG-20220427-WA0004-1024x766.jpg 1024w, https:\/\/www.revista-insaiguaviva.org\/curs2021-2022\/wp-content\/uploads\/2022\/04\/IMG-20220427-WA0004-300x224.jpg 300w, https:\/\/www.revista-insaiguaviva.org\/curs2021-2022\/wp-content\/uploads\/2022\/04\/IMG-20220427-WA0004-768x575.jpg 768w, https:\/\/www.revista-insaiguaviva.org\/curs2021-2022\/wp-content\/uploads\/2022\/04\/IMG-20220427-WA0004-1536x1149.jpg 1536w, https:\/\/www.revista-insaiguaviva.org\/curs2021-2022\/wp-content\/uploads\/2022\/04\/IMG-20220427-WA0004.jpg 2048w\" sizes=\"auto, (max-width: 767px) 89vw, (max-width: 1000px) 54vw, (max-width: 1071px) 543px, 580px\" \/><\/figure>\n","protected":false},"excerpt":{"rendered":"<p>L\u2019Anth\u00e9a, auxiliar de conversa de franc\u00e8s, i la Carme Castillo, professora de franc\u00e8s, volen desitjar molta sort als nostres alumnes que es presenten a l\u2019examen oficial del Delf. Ells s\u00f3n: Arianna Alcalde, Naiara Blanco,\u00a0 Judit Calduch, Maria Ma\u00f1osa i Sergi Mart\u00ednez, de 4tESO; Michelle C\u00e1rdenas, \u00c1frica i Eric Mart\u00ednez, Maria de Manuel, Gerard Turnez de &hellip; <\/p>\n<p class=\"link-more\"><a href=\"https:\/\/www.revista-insaiguaviva.org\/curs2021-2022\/2022\/04\/27\/delf-2022\/\" class=\"more-link\">Continua llegint <span class=\"screen-reader-text\">\u00abDELF 2022\u00bb<\/span><\/a><\/p>\n","protected":false},"author":2,"featured_media":0,"comment_status":"open","ping_status":"open","sticky":false,"template":"","format":"standard","meta":{"footnotes":""},"categories":[108,23],"tags":[],"class_list":["post-879","post","type-post","status-publish","format-standard","hentry","category-examen-delf","category-llengues-estrangeres"],"_links":{"self":[{"href":"https:\/\/www.revista-insaiguaviva.org\/curs2021-2022\/wp-json\/wp\/v2\/posts\/879","targetHints":{"allow":["GET"]}}],"collection":[{"href":"https:\/\/www.revista-insaiguaviva.org\/curs2021-2022\/wp-json\/wp\/v2\/posts"}],"about":[{"href":"https:\/\/www.revista-insaiguaviva.org\/curs2021-2022\/wp-json\/wp\/v2\/types\/post"}],"author":[{"embeddable":true,"href":"https:\/\/www.revista-insaiguaviva.org\/curs2021-2022\/wp-json\/wp\/v2\/users\/2"}],"replies":[{"embeddable":true,"href":"https:\/\/www.revista-insaiguaviva.org\/curs2021-2022\/wp-json\/wp\/v2\/comments?post=879"}],"version-history":[{"count":4,"href":"https:\/\/www.revista-insaiguaviva.org\/curs2021-2022\/wp-json\/wp\/v2\/posts\/879\/revisions"}],"predecessor-version":[{"id":885,"href":"https:\/\/www.revista-insaiguaviva.org\/curs2021-2022\/wp-json\/wp\/v2\/posts\/879\/revisions\/885"}],"wp:attachment":[{"href":"https:\/\/www.revista-insaiguaviva.org\/curs2021-2022\/wp-json\/wp\/v2\/media?parent=879"}],"wp:term":[{"taxonomy":"category","embeddable":true,"href":"https:\/\/www.revista-insaiguaviva.org\/curs2021-2022\/wp-json\/wp\/v2\/categories?post=879"},{"taxonomy":"post_tag","embeddable":true,"href":"https:\/\/www.revista-insaiguaviva.org\/curs2021-2022\/wp-json\/wp\/v2\/tags?post=879"}],"curies":[{"name":"wp","href":"https:\/\/api.w.org\/{rel}","templated":true}]}}