{"id":990,"date":"2022-06-21T18:29:57","date_gmt":"2022-06-21T16:29:57","guid":{"rendered":"https:\/\/www.revista-insaiguaviva.org\/curs2021-2022\/?p=990"},"modified":"2022-06-27T09:18:39","modified_gmt":"2022-06-27T07:18:39","slug":"festa-dese-aniversari-ins-aiguaviva","status":"publish","type":"post","link":"https:\/\/www.revista-insaiguaviva.org\/curs2021-2022\/2022\/06\/21\/festa-dese-aniversari-ins-aiguaviva\/","title":{"rendered":"Festa des\u00e8 aniversari INS Aiguaviva"},"content":{"rendered":"\n<p>El passat divendres, 17 de juny, vam celebrar al pati del Calder\u00f3 la festa del des\u00e8 aniversari del nostre centre. A la festa van assistir alumnes, familiars i personal que estan ara al centre, aix\u00ed com alumnes, familiars i professors que han format part del centre en algun moment de la seva hist\u00f2ria. Va ser una trobada entranyable. Va haver-hi actuacions de professors &#8211; la Flora amb el seu grup Combo de l&#8217;Escola de M\u00fasica de l&#8217;Ametlla; l&#8217;Albert \u00c1lvarez- d&#8217;alumnes i d&#8217;exalumnes &#8211; la Carla D\u00edaz, l&#8217;Ona Tres, la Milena Muro-, totes elles fant\u00e0stiques. La Berta Monserd\u00e0 ens va tornar a emocionar amb el seu poema. La N\u00faria i l&#8217;Albert ens van ensenyar a ballar swing&#8230;<\/p>\n\n\n\n<p>Uns alumnes de quart ens van explicar la hist\u00f2ria del n\u00famero deu. <\/p>\n\n\n\n<p>Tot aix\u00f2 presentat i amenitzat pel nostre estimat i incombustible exalumne Rub\u00e9n. <\/p>\n\n\n\n<p>Agra\u00efm especialment l&#8217;aportaci\u00f3 de l&#8217;AFA del centre perqu\u00e8 tot aix\u00f2 funcion\u00e9s tan fant\u00e0sticament!<\/p>\n\n\n\n<figure class=\"wp-block-image size-large\"><img loading=\"lazy\" decoding=\"async\" width=\"1024\" height=\"768\" src=\"https:\/\/www.revista-insaiguaviva.org\/curs2021-2022\/wp-content\/uploads\/2022\/06\/1655504803593-1024x768.jpg\" alt=\"\" class=\"wp-image-991\" srcset=\"https:\/\/www.revista-insaiguaviva.org\/curs2021-2022\/wp-content\/uploads\/2022\/06\/1655504803593-1024x768.jpg 1024w, https:\/\/www.revista-insaiguaviva.org\/curs2021-2022\/wp-content\/uploads\/2022\/06\/1655504803593-300x225.jpg 300w, https:\/\/www.revista-insaiguaviva.org\/curs2021-2022\/wp-content\/uploads\/2022\/06\/1655504803593-768x576.jpg 768w, https:\/\/www.revista-insaiguaviva.org\/curs2021-2022\/wp-content\/uploads\/2022\/06\/1655504803593-1536x1152.jpg 1536w, https:\/\/www.revista-insaiguaviva.org\/curs2021-2022\/wp-content\/uploads\/2022\/06\/1655504803593.jpg 2000w\" sizes=\"auto, (max-width: 767px) 89vw, (max-width: 1000px) 54vw, (max-width: 1071px) 543px, 580px\" \/><\/figure>\n\n\n\n<p>Podeu veure algunes fotografies<a href=\"https:\/\/photos.app.goo.gl\/ZkK7SWtpZsZj1RDo6\" target=\"_blank\" rel=\"noreferrer noopener\"> clicant aqu\u00ed.<\/a><\/p>\n","protected":false},"excerpt":{"rendered":"<p>El passat divendres, 17 de juny, vam celebrar al pati del Calder\u00f3 la festa del des\u00e8 aniversari del nostre centre. A la festa van assistir alumnes, familiars i personal que estan ara al centre, aix\u00ed com alumnes, familiars i professors que han format part del centre en algun moment de la seva hist\u00f2ria. Va ser &hellip; <\/p>\n<p class=\"link-more\"><a href=\"https:\/\/www.revista-insaiguaviva.org\/curs2021-2022\/2022\/06\/21\/festa-dese-aniversari-ins-aiguaviva\/\" class=\"more-link\">Continua llegint <span class=\"screen-reader-text\">\u00abFesta des\u00e8 aniversari INS Aiguaviva\u00bb<\/span><\/a><\/p>\n","protected":false},"author":2,"featured_media":0,"comment_status":"open","ping_status":"open","sticky":false,"template":"","format":"standard","meta":{"footnotes":""},"categories":[6,123],"tags":[],"class_list":["post-990","post","type-post","status-publish","format-standard","hentry","category-celebracions","category-festa-10e-aniversari"],"_links":{"self":[{"href":"https:\/\/www.revista-insaiguaviva.org\/curs2021-2022\/wp-json\/wp\/v2\/posts\/990","targetHints":{"allow":["GET"]}}],"collection":[{"href":"https:\/\/www.revista-insaiguaviva.org\/curs2021-2022\/wp-json\/wp\/v2\/posts"}],"about":[{"href":"https:\/\/www.revista-insaiguaviva.org\/curs2021-2022\/wp-json\/wp\/v2\/types\/post"}],"author":[{"embeddable":true,"href":"https:\/\/www.revista-insaiguaviva.org\/curs2021-2022\/wp-json\/wp\/v2\/users\/2"}],"replies":[{"embeddable":true,"href":"https:\/\/www.revista-insaiguaviva.org\/curs2021-2022\/wp-json\/wp\/v2\/comments?post=990"}],"version-history":[{"count":5,"href":"https:\/\/www.revista-insaiguaviva.org\/curs2021-2022\/wp-json\/wp\/v2\/posts\/990\/revisions"}],"predecessor-version":[{"id":1003,"href":"https:\/\/www.revista-insaiguaviva.org\/curs2021-2022\/wp-json\/wp\/v2\/posts\/990\/revisions\/1003"}],"wp:attachment":[{"href":"https:\/\/www.revista-insaiguaviva.org\/curs2021-2022\/wp-json\/wp\/v2\/media?parent=990"}],"wp:term":[{"taxonomy":"category","embeddable":true,"href":"https:\/\/www.revista-insaiguaviva.org\/curs2021-2022\/wp-json\/wp\/v2\/categories?post=990"},{"taxonomy":"post_tag","embeddable":true,"href":"https:\/\/www.revista-insaiguaviva.org\/curs2021-2022\/wp-json\/wp\/v2\/tags?post=990"}],"curies":[{"name":"wp","href":"https:\/\/api.w.org\/{rel}","templated":true}]}}