{"id":106,"date":"2022-10-02T20:30:16","date_gmt":"2022-10-02T18:30:16","guid":{"rendered":"https:\/\/www.revista-insaiguaviva.org\/curs2022-2023\/?p=106"},"modified":"2022-10-02T20:31:09","modified_gmt":"2022-10-02T18:31:09","slug":"106-2","status":"publish","type":"post","link":"https:\/\/www.revista-insaiguaviva.org\/curs2022-2023\/106-2\/","title":{"rendered":"Viatge a Turquia &#8211; Erasmus+"},"content":{"rendered":"\n<p>La tercera mobilitat dins del programa Erasmus+ ens ha portat a la m\u00e0gia d&#8217;Istanbul. Alguns alumnes de 2n de batxillerat&nbsp; han gaudit d&#8217;una experi\u00e8ncia inoblidable coneixent alguns aspectes de la cultura turca de la m\u00e0 d&#8217;alumnat i professorat del pa\u00eds, juntament amb alumnes de Gr\u00e8cia I Roman\u00eda.<\/p>\n\n\n\n<p>&nbsp;Aviat ens tornarem a veure a Mollet. Us hi esperem!<\/p>\n\n\n\n<figure class=\"wp-block-image size-large\"><img loading=\"lazy\" decoding=\"async\" width=\"1024\" height=\"768\" src=\"https:\/\/www.revista-insaiguaviva.org\/curs2022-2023\/wp-content\/uploads\/2022\/10\/1664734451160-1024x768.jpg\" alt=\"\" class=\"wp-image-107\" srcset=\"https:\/\/www.revista-insaiguaviva.org\/curs2022-2023\/wp-content\/uploads\/2022\/10\/1664734451160-1024x768.jpg 1024w, https:\/\/www.revista-insaiguaviva.org\/curs2022-2023\/wp-content\/uploads\/2022\/10\/1664734451160-300x225.jpg 300w, https:\/\/www.revista-insaiguaviva.org\/curs2022-2023\/wp-content\/uploads\/2022\/10\/1664734451160-768x576.jpg 768w, https:\/\/www.revista-insaiguaviva.org\/curs2022-2023\/wp-content\/uploads\/2022\/10\/1664734451160-1536x1152.jpg 1536w, https:\/\/www.revista-insaiguaviva.org\/curs2022-2023\/wp-content\/uploads\/2022\/10\/1664734451160.jpg 2048w\" sizes=\"auto, (max-width: 767px) 89vw, (max-width: 1000px) 54vw, (max-width: 1071px) 543px, 580px\" \/><\/figure>\n\n\n\n<p>Podeu veure m\u00e9s fotografies clicant <a href=\"https:\/\/photos.app.goo.gl\/VgCq5P6NPt8g5eUN8\">aqu\u00ed. <\/a><\/p>\n","protected":false},"excerpt":{"rendered":"<p>La tercera mobilitat dins del programa Erasmus+ ens ha portat a la m\u00e0gia d&#8217;Istanbul. Alguns alumnes de 2n de batxillerat&nbsp; han gaudit d&#8217;una experi\u00e8ncia inoblidable coneixent alguns aspectes de la cultura turca de la m\u00e0 d&#8217;alumnat i professorat del pa\u00eds, juntament amb alumnes de Gr\u00e8cia I Roman\u00eda. &nbsp;Aviat ens tornarem a veure a Mollet. Us &hellip; <\/p>\n<p class=\"link-more\"><a href=\"https:\/\/www.revista-insaiguaviva.org\/curs2022-2023\/106-2\/\" class=\"more-link\">Continua llegint <span class=\"screen-reader-text\">\u00abViatge a Turquia &#8211; Erasmus+\u00bb<\/span><\/a><\/p>\n","protected":false},"author":2,"featured_media":0,"comment_status":"open","ping_status":"open","sticky":false,"template":"","format":"standard","meta":{"footnotes":""},"categories":[38],"tags":[],"class_list":["post-106","post","type-post","status-publish","format-standard","hentry","category-erasmus-2022-istanbul-2-btx"],"_links":{"self":[{"href":"https:\/\/www.revista-insaiguaviva.org\/curs2022-2023\/wp-json\/wp\/v2\/posts\/106","targetHints":{"allow":["GET"]}}],"collection":[{"href":"https:\/\/www.revista-insaiguaviva.org\/curs2022-2023\/wp-json\/wp\/v2\/posts"}],"about":[{"href":"https:\/\/www.revista-insaiguaviva.org\/curs2022-2023\/wp-json\/wp\/v2\/types\/post"}],"author":[{"embeddable":true,"href":"https:\/\/www.revista-insaiguaviva.org\/curs2022-2023\/wp-json\/wp\/v2\/users\/2"}],"replies":[{"embeddable":true,"href":"https:\/\/www.revista-insaiguaviva.org\/curs2022-2023\/wp-json\/wp\/v2\/comments?post=106"}],"version-history":[{"count":2,"href":"https:\/\/www.revista-insaiguaviva.org\/curs2022-2023\/wp-json\/wp\/v2\/posts\/106\/revisions"}],"predecessor-version":[{"id":109,"href":"https:\/\/www.revista-insaiguaviva.org\/curs2022-2023\/wp-json\/wp\/v2\/posts\/106\/revisions\/109"}],"wp:attachment":[{"href":"https:\/\/www.revista-insaiguaviva.org\/curs2022-2023\/wp-json\/wp\/v2\/media?parent=106"}],"wp:term":[{"taxonomy":"category","embeddable":true,"href":"https:\/\/www.revista-insaiguaviva.org\/curs2022-2023\/wp-json\/wp\/v2\/categories?post=106"},{"taxonomy":"post_tag","embeddable":true,"href":"https:\/\/www.revista-insaiguaviva.org\/curs2022-2023\/wp-json\/wp\/v2\/tags?post=106"}],"curies":[{"name":"wp","href":"https:\/\/api.w.org\/{rel}","templated":true}]}}