{"id":214,"date":"2022-12-20T20:29:34","date_gmt":"2022-12-20T18:29:34","guid":{"rendered":"https:\/\/www.revista-insaiguaviva.org\/curs2022-2023\/?p=214"},"modified":"2022-12-22T20:34:25","modified_gmt":"2022-12-22T18:34:25","slug":"segon-programa-del-posat-les-piles","status":"publish","type":"post","link":"https:\/\/www.revista-insaiguaviva.org\/curs2022-2023\/segon-programa-del-posat-les-piles\/","title":{"rendered":"Segon programa del Posa&#8217;t les piles"},"content":{"rendered":"\n<p>Alumnes de primer i segon curs d&#8217;ESO han col.laborat amb el programa <em>Posa&#8217;t les piles<\/em>, de R\u00e0dio Mollet.<\/p>\n\n\n\n<p> Aquest \u00e9s el segon programa en qu\u00e8 participa el nostre alumnat. <\/p>\n\n\n\n<figure class=\"wp-block-gallery has-nested-images columns-default is-cropped wp-block-gallery-1 is-layout-flex wp-block-gallery-is-layout-flex\">\n<figure class=\"wp-block-image size-large\"><img loading=\"lazy\" decoding=\"async\" width=\"1024\" height=\"576\" data-id=\"219\" src=\"https:\/\/www.revista-insaiguaviva.org\/curs2022-2023\/wp-content\/uploads\/2022\/12\/1671653728459-1-1024x576.jpg\" alt=\"\" class=\"wp-image-219\" srcset=\"https:\/\/www.revista-insaiguaviva.org\/curs2022-2023\/wp-content\/uploads\/2022\/12\/1671653728459-1-1024x576.jpg 1024w, https:\/\/www.revista-insaiguaviva.org\/curs2022-2023\/wp-content\/uploads\/2022\/12\/1671653728459-1-300x169.jpg 300w, https:\/\/www.revista-insaiguaviva.org\/curs2022-2023\/wp-content\/uploads\/2022\/12\/1671653728459-1-768x432.jpg 768w, https:\/\/www.revista-insaiguaviva.org\/curs2022-2023\/wp-content\/uploads\/2022\/12\/1671653728459-1-1536x864.jpg 1536w, https:\/\/www.revista-insaiguaviva.org\/curs2022-2023\/wp-content\/uploads\/2022\/12\/1671653728459-1.jpg 1920w\" sizes=\"auto, (max-width: 767px) 89vw, (max-width: 1000px) 54vw, (max-width: 1071px) 543px, 580px\" \/><\/figure>\n\n\n\n<figure class=\"wp-block-image size-large\"><img loading=\"lazy\" decoding=\"async\" width=\"1024\" height=\"576\" data-id=\"218\" src=\"https:\/\/www.revista-insaiguaviva.org\/curs2022-2023\/wp-content\/uploads\/2022\/12\/1671653728477-1-1024x576.jpg\" alt=\"\" class=\"wp-image-218\" srcset=\"https:\/\/www.revista-insaiguaviva.org\/curs2022-2023\/wp-content\/uploads\/2022\/12\/1671653728477-1-1024x576.jpg 1024w, https:\/\/www.revista-insaiguaviva.org\/curs2022-2023\/wp-content\/uploads\/2022\/12\/1671653728477-1-300x169.jpg 300w, https:\/\/www.revista-insaiguaviva.org\/curs2022-2023\/wp-content\/uploads\/2022\/12\/1671653728477-1-768x432.jpg 768w, https:\/\/www.revista-insaiguaviva.org\/curs2022-2023\/wp-content\/uploads\/2022\/12\/1671653728477-1-1536x864.jpg 1536w, https:\/\/www.revista-insaiguaviva.org\/curs2022-2023\/wp-content\/uploads\/2022\/12\/1671653728477-1.jpg 1920w\" sizes=\"auto, (max-width: 767px) 89vw, (max-width: 1000px) 54vw, (max-width: 1071px) 543px, 580px\" \/><\/figure>\n\n\n\n<figure class=\"wp-block-image size-large\"><img loading=\"lazy\" decoding=\"async\" width=\"1024\" height=\"576\" data-id=\"220\" src=\"https:\/\/www.revista-insaiguaviva.org\/curs2022-2023\/wp-content\/uploads\/2022\/12\/1671653728496-1-1024x576.jpg\" alt=\"\" class=\"wp-image-220\" srcset=\"https:\/\/www.revista-insaiguaviva.org\/curs2022-2023\/wp-content\/uploads\/2022\/12\/1671653728496-1-1024x576.jpg 1024w, https:\/\/www.revista-insaiguaviva.org\/curs2022-2023\/wp-content\/uploads\/2022\/12\/1671653728496-1-300x169.jpg 300w, https:\/\/www.revista-insaiguaviva.org\/curs2022-2023\/wp-content\/uploads\/2022\/12\/1671653728496-1-768x432.jpg 768w, https:\/\/www.revista-insaiguaviva.org\/curs2022-2023\/wp-content\/uploads\/2022\/12\/1671653728496-1-1536x864.jpg 1536w, https:\/\/www.revista-insaiguaviva.org\/curs2022-2023\/wp-content\/uploads\/2022\/12\/1671653728496-1.jpg 1920w\" sizes=\"auto, (max-width: 767px) 89vw, (max-width: 1000px) 54vw, (max-width: 1071px) 543px, 580px\" \/><\/figure>\n<\/figure>\n","protected":false},"excerpt":{"rendered":"<p>Alumnes de primer i segon curs d&#8217;ESO han col.laborat amb el programa Posa&#8217;t les piles, de R\u00e0dio Mollet. Aquest \u00e9s el segon programa en qu\u00e8 participa el nostre alumnat.<\/p>\n","protected":false},"author":2,"featured_media":0,"comment_status":"open","ping_status":"open","sticky":false,"template":"","format":"standard","meta":{"footnotes":""},"categories":[24,52,44],"tags":[],"class_list":["post-214","post","type-post","status-publish","format-standard","hentry","category-noticies","category-posat-les-piles-segon-programa","category-radio-posat-les-piles"],"_links":{"self":[{"href":"https:\/\/www.revista-insaiguaviva.org\/curs2022-2023\/wp-json\/wp\/v2\/posts\/214","targetHints":{"allow":["GET"]}}],"collection":[{"href":"https:\/\/www.revista-insaiguaviva.org\/curs2022-2023\/wp-json\/wp\/v2\/posts"}],"about":[{"href":"https:\/\/www.revista-insaiguaviva.org\/curs2022-2023\/wp-json\/wp\/v2\/types\/post"}],"author":[{"embeddable":true,"href":"https:\/\/www.revista-insaiguaviva.org\/curs2022-2023\/wp-json\/wp\/v2\/users\/2"}],"replies":[{"embeddable":true,"href":"https:\/\/www.revista-insaiguaviva.org\/curs2022-2023\/wp-json\/wp\/v2\/comments?post=214"}],"version-history":[{"count":2,"href":"https:\/\/www.revista-insaiguaviva.org\/curs2022-2023\/wp-json\/wp\/v2\/posts\/214\/revisions"}],"predecessor-version":[{"id":222,"href":"https:\/\/www.revista-insaiguaviva.org\/curs2022-2023\/wp-json\/wp\/v2\/posts\/214\/revisions\/222"}],"wp:attachment":[{"href":"https:\/\/www.revista-insaiguaviva.org\/curs2022-2023\/wp-json\/wp\/v2\/media?parent=214"}],"wp:term":[{"taxonomy":"category","embeddable":true,"href":"https:\/\/www.revista-insaiguaviva.org\/curs2022-2023\/wp-json\/wp\/v2\/categories?post=214"},{"taxonomy":"post_tag","embeddable":true,"href":"https:\/\/www.revista-insaiguaviva.org\/curs2022-2023\/wp-json\/wp\/v2\/tags?post=214"}],"curies":[{"name":"wp","href":"https:\/\/api.w.org\/{rel}","templated":true}]}}