{"id":307,"date":"2023-02-09T18:39:54","date_gmt":"2023-02-09T16:39:54","guid":{"rendered":"https:\/\/www.revista-insaiguaviva.org\/curs2022-2023\/?p=307"},"modified":"2023-02-12T23:21:01","modified_gmt":"2023-02-12T21:21:01","slug":"cronica-de-un-viaje-a-madrid","status":"publish","type":"post","link":"https:\/\/www.revista-insaiguaviva.org\/curs2022-2023\/cronica-de-un-viaje-a-madrid\/","title":{"rendered":"Cr\u00f3nica de un viaje a Madrid"},"content":{"rendered":"\n<p>El pasado martes 24 de enero los alumnos de segundo de bachillerato embarcaron en un tren hacia Madrid. El viaje a la capital en el \u00faltimo curso es ya una tradici\u00f3n instaurada y respetada por los coordinadores, que este a\u00f1o se ha podido retomar despu\u00e9s de la pandemia.<\/p>\n\n\n\n<p>En cuanto al viaje, este tuvo una fren\u00e9tica sucesi\u00f3n de actividades para exprimir al m\u00e1ximo los tres d\u00edas de estancia.<\/p>\n\n\n\n<p>El primer d\u00eda, despu\u00e9s del \u201cligeramente\u201d interminable viaje, los alumnos visitaron la casa museo Lope de Vega. All\u00ed pudieron ver c\u00f3mo era la vida en el Siglo de Oro de la literatura espa\u00f1ola.&nbsp;<\/p>\n\n\n\n<p>Pero ese d\u00eda no acab\u00f3 all\u00ed, y es que por la noche fueron a ver el aclamado espect\u00e1culo estrella de Madrid: <em>El Rey Le\u00f3n<\/em>. Una oferta de \u00faltima hora permiti\u00f3 realizar esta parada no tan tradicional que no dej\u00f3 indiferente a nadie.<\/p>\n\n\n\n<figure class=\"wp-block-gallery has-nested-images columns-default is-cropped wp-block-gallery-1 is-layout-flex wp-block-gallery-is-layout-flex\">\n<figure class=\"wp-block-image size-large\"><img loading=\"lazy\" decoding=\"async\" width=\"576\" height=\"1024\" data-id=\"308\" src=\"https:\/\/www.revista-insaiguaviva.org\/curs2022-2023\/wp-content\/uploads\/2023\/02\/1675834221487-576x1024.jpg\" alt=\"\" class=\"wp-image-308\" srcset=\"https:\/\/www.revista-insaiguaviva.org\/curs2022-2023\/wp-content\/uploads\/2023\/02\/1675834221487-576x1024.jpg 576w, https:\/\/www.revista-insaiguaviva.org\/curs2022-2023\/wp-content\/uploads\/2023\/02\/1675834221487-169x300.jpg 169w, https:\/\/www.revista-insaiguaviva.org\/curs2022-2023\/wp-content\/uploads\/2023\/02\/1675834221487-768x1365.jpg 768w, https:\/\/www.revista-insaiguaviva.org\/curs2022-2023\/wp-content\/uploads\/2023\/02\/1675834221487-864x1536.jpg 864w, https:\/\/www.revista-insaiguaviva.org\/curs2022-2023\/wp-content\/uploads\/2023\/02\/1675834221487.jpg 1080w\" sizes=\"auto, (max-width: 576px) 100vw, 576px\" \/><\/figure>\n\n\n\n<figure class=\"wp-block-image size-large\"><img loading=\"lazy\" decoding=\"async\" width=\"768\" height=\"1024\" data-id=\"309\" src=\"https:\/\/www.revista-insaiguaviva.org\/curs2022-2023\/wp-content\/uploads\/2023\/02\/1675834221562.jpg\" alt=\"\" class=\"wp-image-309\" srcset=\"https:\/\/www.revista-insaiguaviva.org\/curs2022-2023\/wp-content\/uploads\/2023\/02\/1675834221562.jpg 768w, https:\/\/www.revista-insaiguaviva.org\/curs2022-2023\/wp-content\/uploads\/2023\/02\/1675834221562-225x300.jpg 225w\" sizes=\"auto, (max-width: 767px) 89vw, (max-width: 1000px) 54vw, (max-width: 1071px) 543px, 580px\" \/><\/figure>\n<\/figure>\n\n\n\n<p>El d\u00eda siguiente fue d\u00eda de museos: primero El Prado, donde los compa\u00f1eros de Historia del Arte se turnaron el micro para explicar al resto las peculiaridades de diversos cuadros expuestos.&nbsp;<\/p>\n\n\n\n<p>Despu\u00e9s de comer fue el turno del museo Reina Sof\u00eda, donde vieron muchas obras, pero no las que esperaban pues resulta que algunas de las obras se\u00f1aladas para visitar hab\u00edan sido trasladadas a otras exposiciones.<\/p>\n\n\n\n<p>En el tercer y \u00faltimo d\u00eda de viaje, el grupo emprendi\u00f3 un \u00e9pico y esperanzado trayecto hacia el Palacio Real, rezando para poder&nbsp; entrar, dado que les hab\u00edan cancelado la visita el d\u00eda anterior debido a un evento pol\u00edtico. Con todo, consiguieron entrar sin problemas, aunque Marga, la profesora de historia, tuvo que hacer de gu\u00eda.<\/p>\n\n\n\n<figure class=\"wp-block-image size-full\"><img loading=\"lazy\" decoding=\"async\" width=\"1024\" height=\"576\" src=\"https:\/\/www.revista-insaiguaviva.org\/curs2022-2023\/wp-content\/uploads\/2023\/02\/1675834221523-1.jpg\" alt=\"\" class=\"wp-image-312\" srcset=\"https:\/\/www.revista-insaiguaviva.org\/curs2022-2023\/wp-content\/uploads\/2023\/02\/1675834221523-1.jpg 1024w, https:\/\/www.revista-insaiguaviva.org\/curs2022-2023\/wp-content\/uploads\/2023\/02\/1675834221523-1-300x169.jpg 300w, https:\/\/www.revista-insaiguaviva.org\/curs2022-2023\/wp-content\/uploads\/2023\/02\/1675834221523-1-768x432.jpg 768w\" sizes=\"auto, (max-width: 767px) 89vw, (max-width: 1000px) 54vw, (max-width: 1071px) 543px, 580px\" \/><\/figure>\n\n\n\n<p>Despu\u00e9s de la visita los alumnos tuvieron un \u00faltimo momento para comer y despedirse de la ciudad antes de volver a Barcelona.&nbsp;<\/p>\n\n\n\n<p>As\u00ed concluy\u00f3 el viaje a la capital, en el que hubo m\u00faltiples visitas a museos y espect\u00e1culos y aun as\u00ed hubo tiempo para perderse en la ciudad. Aunque claro, nadie se perdi\u00f3 realmente\u2026 Creo.<\/p>\n\n\n\n<p class=\"has-text-align-right\">V\u00cdCTOR RUIZ &#8211; 2n B BTX<\/p>\n\n\n\n<p>Podeu veure algunes fotografies clicant <a href=\"https:\/\/photos.app.goo.gl\/RDvgXiBHRtkmEci86\" target=\"_blank\" rel=\"noreferrer noopener\">aqu\u00ed.<\/a> <\/p>\n","protected":false},"excerpt":{"rendered":"<p>El pasado martes 24 de enero los alumnos de segundo de bachillerato embarcaron en un tren hacia Madrid. El viaje a la capital en el \u00faltimo curso es ya una tradici\u00f3n instaurada y respetada por los coordinadores, que este a\u00f1o se ha podido retomar despu\u00e9s de la pandemia. En cuanto al viaje, este tuvo una &hellip; <\/p>\n<p class=\"link-more\"><a href=\"https:\/\/www.revista-insaiguaviva.org\/curs2022-2023\/cronica-de-un-viaje-a-madrid\/\" class=\"more-link\">Continua llegint <span class=\"screen-reader-text\">\u00abCr\u00f3nica de un viaje a Madrid\u00bb<\/span><\/a><\/p>\n","protected":false},"author":2,"featured_media":0,"comment_status":"open","ping_status":"open","sticky":false,"template":"","format":"standard","meta":{"footnotes":""},"categories":[68],"tags":[],"class_list":["post-307","post","type-post","status-publish","format-standard","hentry","category-viatge-a-madrid-2-btx"],"_links":{"self":[{"href":"https:\/\/www.revista-insaiguaviva.org\/curs2022-2023\/wp-json\/wp\/v2\/posts\/307","targetHints":{"allow":["GET"]}}],"collection":[{"href":"https:\/\/www.revista-insaiguaviva.org\/curs2022-2023\/wp-json\/wp\/v2\/posts"}],"about":[{"href":"https:\/\/www.revista-insaiguaviva.org\/curs2022-2023\/wp-json\/wp\/v2\/types\/post"}],"author":[{"embeddable":true,"href":"https:\/\/www.revista-insaiguaviva.org\/curs2022-2023\/wp-json\/wp\/v2\/users\/2"}],"replies":[{"embeddable":true,"href":"https:\/\/www.revista-insaiguaviva.org\/curs2022-2023\/wp-json\/wp\/v2\/comments?post=307"}],"version-history":[{"count":2,"href":"https:\/\/www.revista-insaiguaviva.org\/curs2022-2023\/wp-json\/wp\/v2\/posts\/307\/revisions"}],"predecessor-version":[{"id":328,"href":"https:\/\/www.revista-insaiguaviva.org\/curs2022-2023\/wp-json\/wp\/v2\/posts\/307\/revisions\/328"}],"wp:attachment":[{"href":"https:\/\/www.revista-insaiguaviva.org\/curs2022-2023\/wp-json\/wp\/v2\/media?parent=307"}],"wp:term":[{"taxonomy":"category","embeddable":true,"href":"https:\/\/www.revista-insaiguaviva.org\/curs2022-2023\/wp-json\/wp\/v2\/categories?post=307"},{"taxonomy":"post_tag","embeddable":true,"href":"https:\/\/www.revista-insaiguaviva.org\/curs2022-2023\/wp-json\/wp\/v2\/tags?post=307"}],"curies":[{"name":"wp","href":"https:\/\/api.w.org\/{rel}","templated":true}]}}