{"id":318,"date":"2023-02-10T23:07:00","date_gmt":"2023-02-10T21:07:00","guid":{"rendered":"https:\/\/www.revista-insaiguaviva.org\/curs2022-2023\/?p=318"},"modified":"2023-02-13T23:07:57","modified_gmt":"2023-02-13T21:07:57","slug":"esquiada","status":"publish","type":"post","link":"https:\/\/www.revista-insaiguaviva.org\/curs2022-2023\/esquiada\/","title":{"rendered":"Esquiada"},"content":{"rendered":"\n<p>Els dies 6 i 7 de febrer, l&#8217;alumnat de 1r i de 3r d&#8217;ESO va gaudir d&#8217;una sortida a la neu a les pistes de Font Romeu i de les Angl\u00e8s, a la Cerdanya francesa. Dos dies de classes amb monitors i monitores per practicar l&#8217;esqu\u00ed alp\u00ed i el surf de neu. <\/p>\n\n\n\n<figure class=\"wp-block-image size-large\"><img loading=\"lazy\" decoding=\"async\" width=\"1024\" height=\"768\" src=\"https:\/\/www.revista-insaiguaviva.org\/curs2022-2023\/wp-content\/uploads\/2023\/02\/IMG-20230206-WA0099-1024x768.jpg\" alt=\"\" class=\"wp-image-319\" srcset=\"https:\/\/www.revista-insaiguaviva.org\/curs2022-2023\/wp-content\/uploads\/2023\/02\/IMG-20230206-WA0099-1024x768.jpg 1024w, https:\/\/www.revista-insaiguaviva.org\/curs2022-2023\/wp-content\/uploads\/2023\/02\/IMG-20230206-WA0099-300x225.jpg 300w, https:\/\/www.revista-insaiguaviva.org\/curs2022-2023\/wp-content\/uploads\/2023\/02\/IMG-20230206-WA0099-768x576.jpg 768w, https:\/\/www.revista-insaiguaviva.org\/curs2022-2023\/wp-content\/uploads\/2023\/02\/IMG-20230206-WA0099-1536x1152.jpg 1536w, https:\/\/www.revista-insaiguaviva.org\/curs2022-2023\/wp-content\/uploads\/2023\/02\/IMG-20230206-WA0099.jpg 2000w\" sizes=\"auto, (max-width: 767px) 89vw, (max-width: 1000px) 54vw, (max-width: 1071px) 543px, 580px\" \/><\/figure>\n\n\n\n<p>Podeu veure algunes fotografies m\u00e9s cliclant <a href=\"https:\/\/photos.app.goo.gl\/dxhg7RMzsPzDYEjo9\" target=\"_blank\" rel=\"noreferrer noopener\">aqu\u00ed<\/a>. <\/p>\n","protected":false},"excerpt":{"rendered":"<p>Els dies 6 i 7 de febrer, l&#8217;alumnat de 1r i de 3r d&#8217;ESO va gaudir d&#8217;una sortida a la neu a les pistes de Font Romeu i de les Angl\u00e8s, a la Cerdanya francesa. Dos dies de classes amb monitors i monitores per practicar l&#8217;esqu\u00ed alp\u00ed i el surf de neu. Podeu veure algunes &hellip; <\/p>\n<p class=\"link-more\"><a href=\"https:\/\/www.revista-insaiguaviva.org\/curs2022-2023\/esquiada\/\" class=\"more-link\">Continua llegint <span class=\"screen-reader-text\">\u00abEsquiada\u00bb<\/span><\/a><\/p>\n","protected":false},"author":2,"featured_media":0,"comment_status":"open","ping_status":"open","sticky":false,"template":"","format":"standard","meta":{"footnotes":""},"categories":[8,69],"tags":[],"class_list":["post-318","post","type-post","status-publish","format-standard","hentry","category-educacio-fisica","category-esquiada-1r-i-3r-deso"],"_links":{"self":[{"href":"https:\/\/www.revista-insaiguaviva.org\/curs2022-2023\/wp-json\/wp\/v2\/posts\/318","targetHints":{"allow":["GET"]}}],"collection":[{"href":"https:\/\/www.revista-insaiguaviva.org\/curs2022-2023\/wp-json\/wp\/v2\/posts"}],"about":[{"href":"https:\/\/www.revista-insaiguaviva.org\/curs2022-2023\/wp-json\/wp\/v2\/types\/post"}],"author":[{"embeddable":true,"href":"https:\/\/www.revista-insaiguaviva.org\/curs2022-2023\/wp-json\/wp\/v2\/users\/2"}],"replies":[{"embeddable":true,"href":"https:\/\/www.revista-insaiguaviva.org\/curs2022-2023\/wp-json\/wp\/v2\/comments?post=318"}],"version-history":[{"count":4,"href":"https:\/\/www.revista-insaiguaviva.org\/curs2022-2023\/wp-json\/wp\/v2\/posts\/318\/revisions"}],"predecessor-version":[{"id":330,"href":"https:\/\/www.revista-insaiguaviva.org\/curs2022-2023\/wp-json\/wp\/v2\/posts\/318\/revisions\/330"}],"wp:attachment":[{"href":"https:\/\/www.revista-insaiguaviva.org\/curs2022-2023\/wp-json\/wp\/v2\/media?parent=318"}],"wp:term":[{"taxonomy":"category","embeddable":true,"href":"https:\/\/www.revista-insaiguaviva.org\/curs2022-2023\/wp-json\/wp\/v2\/categories?post=318"},{"taxonomy":"post_tag","embeddable":true,"href":"https:\/\/www.revista-insaiguaviva.org\/curs2022-2023\/wp-json\/wp\/v2\/tags?post=318"}],"curies":[{"name":"wp","href":"https:\/\/api.w.org\/{rel}","templated":true}]}}