{"id":435,"date":"2023-03-24T23:10:45","date_gmt":"2023-03-24T21:10:45","guid":{"rendered":"https:\/\/www.revista-insaiguaviva.org\/curs2022-2023\/?p=435"},"modified":"2023-03-24T23:11:21","modified_gmt":"2023-03-24T21:11:21","slug":"la-comedia-de-lolla-de-plaute","status":"publish","type":"post","link":"https:\/\/www.revista-insaiguaviva.org\/curs2022-2023\/la-comedia-de-lolla-de-plaute\/","title":{"rendered":"La com\u00e8dia de l&#8217;olla de Plaute"},"content":{"rendered":"\n<p>Avui els alumnes de 4t d&#8217;ESO que cursen la mat\u00e8ria optativa de Cultura Cl\u00e0ssica han representat per als seus companys l&#8217;obra<em> La com\u00e8dia de l&#8217;olla,<\/em> de Plaute. <\/p>\n\n\n\n<p>L&#8217;obra ha estat un gran \u00e8xit. Felicitem els actors i les actrius per les seves magn\u00edfiques actuacions!<\/p>\n\n\n\n<figure class=\"wp-block-image size-large\"><img loading=\"lazy\" decoding=\"async\" width=\"1024\" height=\"769\" src=\"https:\/\/www.revista-insaiguaviva.org\/curs2022-2023\/wp-content\/uploads\/2023\/03\/1679675696126-1024x769.jpg\" alt=\"\" class=\"wp-image-436\" srcset=\"https:\/\/www.revista-insaiguaviva.org\/curs2022-2023\/wp-content\/uploads\/2023\/03\/1679675696126-1024x769.jpg 1024w, https:\/\/www.revista-insaiguaviva.org\/curs2022-2023\/wp-content\/uploads\/2023\/03\/1679675696126-300x225.jpg 300w, https:\/\/www.revista-insaiguaviva.org\/curs2022-2023\/wp-content\/uploads\/2023\/03\/1679675696126-768x577.jpg 768w, https:\/\/www.revista-insaiguaviva.org\/curs2022-2023\/wp-content\/uploads\/2023\/03\/1679675696126-1536x1153.jpg 1536w, https:\/\/www.revista-insaiguaviva.org\/curs2022-2023\/wp-content\/uploads\/2023\/03\/1679675696126-2048x1538.jpg 2048w\" sizes=\"auto, (max-width: 767px) 89vw, (max-width: 1000px) 54vw, (max-width: 1071px) 543px, 580px\" \/><\/figure>\n\n\n\n<p>Podeu veure algunes fotografies m\u00e9s <a href=\"https:\/\/photos.app.goo.gl\/c4ov9w2DHoXChvxA8\" target=\"_blank\" rel=\"noreferrer noopener\">aqu\u00ed<\/a><a href=\"https:\/\/photos.app.goo.gl\/c4ov9w2DHoXChvxA8\">. <\/a><\/p>\n","protected":false},"excerpt":{"rendered":"<p>Avui els alumnes de 4t d&#8217;ESO que cursen la mat\u00e8ria optativa de Cultura Cl\u00e0ssica han representat per als seus companys l&#8217;obra La com\u00e8dia de l&#8217;olla, de Plaute. L&#8217;obra ha estat un gran \u00e8xit. Felicitem els actors i les actrius per les seves magn\u00edfiques actuacions! Podeu veure algunes fotografies m\u00e9s aqu\u00ed.<\/p>\n","protected":false},"author":2,"featured_media":0,"comment_status":"open","ping_status":"open","sticky":false,"template":"","format":"standard","meta":{"footnotes":""},"categories":[6,83],"tags":[],"class_list":["post-435","post","type-post","status-publish","format-standard","hentry","category-ciencies-socials","category-la-comedia-de-lolla-de-plaute-4-eso"],"_links":{"self":[{"href":"https:\/\/www.revista-insaiguaviva.org\/curs2022-2023\/wp-json\/wp\/v2\/posts\/435","targetHints":{"allow":["GET"]}}],"collection":[{"href":"https:\/\/www.revista-insaiguaviva.org\/curs2022-2023\/wp-json\/wp\/v2\/posts"}],"about":[{"href":"https:\/\/www.revista-insaiguaviva.org\/curs2022-2023\/wp-json\/wp\/v2\/types\/post"}],"author":[{"embeddable":true,"href":"https:\/\/www.revista-insaiguaviva.org\/curs2022-2023\/wp-json\/wp\/v2\/users\/2"}],"replies":[{"embeddable":true,"href":"https:\/\/www.revista-insaiguaviva.org\/curs2022-2023\/wp-json\/wp\/v2\/comments?post=435"}],"version-history":[{"count":3,"href":"https:\/\/www.revista-insaiguaviva.org\/curs2022-2023\/wp-json\/wp\/v2\/posts\/435\/revisions"}],"predecessor-version":[{"id":439,"href":"https:\/\/www.revista-insaiguaviva.org\/curs2022-2023\/wp-json\/wp\/v2\/posts\/435\/revisions\/439"}],"wp:attachment":[{"href":"https:\/\/www.revista-insaiguaviva.org\/curs2022-2023\/wp-json\/wp\/v2\/media?parent=435"}],"wp:term":[{"taxonomy":"category","embeddable":true,"href":"https:\/\/www.revista-insaiguaviva.org\/curs2022-2023\/wp-json\/wp\/v2\/categories?post=435"},{"taxonomy":"post_tag","embeddable":true,"href":"https:\/\/www.revista-insaiguaviva.org\/curs2022-2023\/wp-json\/wp\/v2\/tags?post=435"}],"curies":[{"name":"wp","href":"https:\/\/api.w.org\/{rel}","templated":true}]}}