{"id":545,"date":"2023-04-21T20:26:02","date_gmt":"2023-04-21T18:26:02","guid":{"rendered":"https:\/\/www.revista-insaiguaviva.org\/curs2022-2023\/?p=545"},"modified":"2023-04-23T22:37:51","modified_gmt":"2023-04-23T20:37:51","slug":"viatge-a-valencia","status":"publish","type":"post","link":"https:\/\/www.revista-insaiguaviva.org\/curs2022-2023\/viatge-a-valencia\/","title":{"rendered":"Viatge a Val\u00e8ncia"},"content":{"rendered":"\n<p>La darrera setmana vam posar rumb a Val\u00e8ncia, est\u00e0vem ben neguitosos a l\u2019autob\u00fas, port\u00e0vem tot el curs esperant aquest viatge!!<\/p>\n\n\n\n<p>La primera tarda, a part d&#8217;instal\u00b7lar-nos a la ciutat, vam aprendre un munt de coses de la part m\u00e9s antiga de Val\u00e8ncia. Quan va caure la nit, ens vam reunir a un bufet per sopar i, com era d\u2019esperar, ompl\u00edem tot el restaurant! Evidentment, a cada plat hi havia una bona raci\u00f3 de paella, semblava que est\u00e0vem d\u2019acord per escollir el menjar!<\/p>\n\n\n\n<p>Sembla mentida, per\u00f2 tothom estava a la seva habitaci\u00f3 a l\u2019hora acordada pels professors, tanmateix, m\u00e9s tard, ens vam reunir en petits grupets per passar una bona estona abans de \u201cdormir\u201d.<\/p>\n\n\n\n<p>L\u2019endem\u00e0 tocava visita al Museu de les Arts i les Ci\u00e8ncies i a l\u2019Oceanogr\u00e0fic, semblava que no hagu\u00e9ssim vist mai cap mena d\u2019animals, tots al\u00b7lucin\u00e0vem! Aquella tarda cadasc\u00fa anava per lliure i ens vam tornar a reunir al mateix restaurant per sopar; la segona nit va ser la millor!<\/p>\n\n\n\n<p>Ja som a l\u2019\u00faltim dia, com era d\u2019esperar, estem rebentats, el no dormir ens afecta i vam caure tots a l\u2019autob\u00fas, la imatge de tots adormits i en silenci devia ser molt graciosa.<\/p>\n\n\n\n<p>Tot plegat, ens emportem molt\u00edssimes, molt\u00edssimes experi\u00e8ncies que mai oblidarem, ha estat un viatge fant\u00e0stic; hem gaudit, hem apr\u00e8s, hem rigut\u2026 la perfecci\u00f3! Ja tenim present repetir un viatge per l\u2019estil l\u2019any que ve, va ser de deu!<\/p>\n\n\n\n<p class=\"has-text-align-right\">Arianna Alcalde (1r Batxillerat)<\/p>\n\n\n\n<figure class=\"wp-block-image size-large\"><img loading=\"lazy\" decoding=\"async\" width=\"1024\" height=\"576\" src=\"https:\/\/www.revista-insaiguaviva.org\/curs2022-2023\/wp-content\/uploads\/2023\/04\/1681710803380-1024x576.jpg\" alt=\"\" class=\"wp-image-546\" srcset=\"https:\/\/www.revista-insaiguaviva.org\/curs2022-2023\/wp-content\/uploads\/2023\/04\/1681710803380-1024x576.jpg 1024w, https:\/\/www.revista-insaiguaviva.org\/curs2022-2023\/wp-content\/uploads\/2023\/04\/1681710803380-300x169.jpg 300w, https:\/\/www.revista-insaiguaviva.org\/curs2022-2023\/wp-content\/uploads\/2023\/04\/1681710803380-768x432.jpg 768w, https:\/\/www.revista-insaiguaviva.org\/curs2022-2023\/wp-content\/uploads\/2023\/04\/1681710803380-1536x864.jpg 1536w, https:\/\/www.revista-insaiguaviva.org\/curs2022-2023\/wp-content\/uploads\/2023\/04\/1681710803380.jpg 2016w\" sizes=\"auto, (max-width: 767px) 89vw, (max-width: 1000px) 54vw, (max-width: 1071px) 543px, 580px\" \/><\/figure>\n\n\n\n<p>Podeu veure algunes fotografies de la sortida cliclant <a href=\"https:\/\/photos.app.goo.gl\/AjwLsiFjsvAw4rtu9\" target=\"_blank\" rel=\"noreferrer noopener\">aqu\u00ed.<\/a><a href=\"https:\/\/photos.app.goo.gl\/AjwLsiFjsvAw4rtu9\"> <\/a><\/p>\n","protected":false},"excerpt":{"rendered":"<p>La darrera setmana vam posar rumb a Val\u00e8ncia, est\u00e0vem ben neguitosos a l\u2019autob\u00fas, port\u00e0vem tot el curs esperant aquest viatge!! La primera tarda, a part d&#8217;instal\u00b7lar-nos a la ciutat, vam aprendre un munt de coses de la part m\u00e9s antiga de Val\u00e8ncia. Quan va caure la nit, ens vam reunir a un bufet per sopar &hellip; <\/p>\n<p class=\"link-more\"><a href=\"https:\/\/www.revista-insaiguaviva.org\/curs2022-2023\/viatge-a-valencia\/\" class=\"more-link\">Continua llegint <span class=\"screen-reader-text\">\u00abViatge a Val\u00e8ncia\u00bb<\/span><\/a><\/p>\n","protected":false},"author":2,"featured_media":0,"comment_status":"open","ping_status":"open","sticky":false,"template":"","format":"standard","meta":{"footnotes":""},"categories":[23,90],"tags":[],"class_list":["post-545","post","type-post","status-publish","format-standard","hentry","category-sortides","category-valencia-1-btx"],"_links":{"self":[{"href":"https:\/\/www.revista-insaiguaviva.org\/curs2022-2023\/wp-json\/wp\/v2\/posts\/545","targetHints":{"allow":["GET"]}}],"collection":[{"href":"https:\/\/www.revista-insaiguaviva.org\/curs2022-2023\/wp-json\/wp\/v2\/posts"}],"about":[{"href":"https:\/\/www.revista-insaiguaviva.org\/curs2022-2023\/wp-json\/wp\/v2\/types\/post"}],"author":[{"embeddable":true,"href":"https:\/\/www.revista-insaiguaviva.org\/curs2022-2023\/wp-json\/wp\/v2\/users\/2"}],"replies":[{"embeddable":true,"href":"https:\/\/www.revista-insaiguaviva.org\/curs2022-2023\/wp-json\/wp\/v2\/comments?post=545"}],"version-history":[{"count":1,"href":"https:\/\/www.revista-insaiguaviva.org\/curs2022-2023\/wp-json\/wp\/v2\/posts\/545\/revisions"}],"predecessor-version":[{"id":547,"href":"https:\/\/www.revista-insaiguaviva.org\/curs2022-2023\/wp-json\/wp\/v2\/posts\/545\/revisions\/547"}],"wp:attachment":[{"href":"https:\/\/www.revista-insaiguaviva.org\/curs2022-2023\/wp-json\/wp\/v2\/media?parent=545"}],"wp:term":[{"taxonomy":"category","embeddable":true,"href":"https:\/\/www.revista-insaiguaviva.org\/curs2022-2023\/wp-json\/wp\/v2\/categories?post=545"},{"taxonomy":"post_tag","embeddable":true,"href":"https:\/\/www.revista-insaiguaviva.org\/curs2022-2023\/wp-json\/wp\/v2\/tags?post=545"}],"curies":[{"name":"wp","href":"https:\/\/api.w.org\/{rel}","templated":true}]}}