{"id":745,"date":"2023-06-12T10:28:54","date_gmt":"2023-06-12T08:28:54","guid":{"rendered":"https:\/\/www.revista-insaiguaviva.org\/curs2022-2023\/?p=745"},"modified":"2023-06-12T10:34:12","modified_gmt":"2023-06-12T08:34:12","slug":"camina-pel-medi-ambient","status":"publish","type":"post","link":"https:\/\/www.revista-insaiguaviva.org\/curs2022-2023\/camina-pel-medi-ambient\/","title":{"rendered":"Camina pel Medi Ambient"},"content":{"rendered":"\n<p>Els i les alumnes de 3r i 4t d&#8217;ESO que fan el servei comunitari de Nutrici\u00f3 i Esport van col.laborar el passat diumentge, dia 11 de juny, amb la Fundaci\u00f3 Sanit\u00e0ria Mollet en l&#8217;organitzaci\u00f3 de la Caminada pel Medi ambient. <\/p>\n\n\n\n<p><\/p>\n\n\n\n<figure class=\"wp-block-image size-large\"><img loading=\"lazy\" decoding=\"async\" width=\"819\" height=\"1024\" src=\"https:\/\/www.revista-insaiguaviva.org\/curs2022-2023\/wp-content\/uploads\/2023\/06\/1686555966901-819x1024.jpg\" alt=\"\" class=\"wp-image-746\" srcset=\"https:\/\/www.revista-insaiguaviva.org\/curs2022-2023\/wp-content\/uploads\/2023\/06\/1686555966901-819x1024.jpg 819w, https:\/\/www.revista-insaiguaviva.org\/curs2022-2023\/wp-content\/uploads\/2023\/06\/1686555966901-240x300.jpg 240w, https:\/\/www.revista-insaiguaviva.org\/curs2022-2023\/wp-content\/uploads\/2023\/06\/1686555966901-768x960.jpg 768w, https:\/\/www.revista-insaiguaviva.org\/curs2022-2023\/wp-content\/uploads\/2023\/06\/1686555966901.jpg 1146w\" sizes=\"auto, (max-width: 767px) 89vw, (max-width: 1000px) 54vw, (max-width: 1071px) 543px, 580px\" \/><\/figure>\n\n\n\n<p>Podeu veure algunes fotografies clicant <a href=\"https:\/\/photos.app.goo.gl\/RN6QNsHcGpdSTFKw9\" target=\"_blank\" rel=\"noreferrer noopener\">aqu\u00ed<\/a>. <\/p>\n\n\n\n<p>I podeu trobar m\u00e9s informaci\u00f3 clicant <a href=\"https:\/\/fsm.cat\/ca\/camina\" target=\"_blank\" rel=\"noreferrer noopener\">aqu\u00ed<\/a>. <\/p>\n","protected":false},"excerpt":{"rendered":"<p>Els i les alumnes de 3r i 4t d&#8217;ESO que fan el servei comunitari de Nutrici\u00f3 i Esport van col.laborar el passat diumentge, dia 11 de juny, amb la Fundaci\u00f3 Sanit\u00e0ria Mollet en l&#8217;organitzaci\u00f3 de la Caminada pel Medi ambient. Podeu veure algunes fotografies clicant aqu\u00ed. I podeu trobar m\u00e9s informaci\u00f3 clicant aqu\u00ed.<\/p>\n","protected":false},"author":2,"featured_media":0,"comment_status":"open","ping_status":"open","sticky":false,"template":"","format":"standard","meta":{"footnotes":""},"categories":[104,103],"tags":[],"class_list":["post-745","post","type-post","status-publish","format-standard","hentry","category-nutricio-i-esport","category-servei-comunitari"],"_links":{"self":[{"href":"https:\/\/www.revista-insaiguaviva.org\/curs2022-2023\/wp-json\/wp\/v2\/posts\/745","targetHints":{"allow":["GET"]}}],"collection":[{"href":"https:\/\/www.revista-insaiguaviva.org\/curs2022-2023\/wp-json\/wp\/v2\/posts"}],"about":[{"href":"https:\/\/www.revista-insaiguaviva.org\/curs2022-2023\/wp-json\/wp\/v2\/types\/post"}],"author":[{"embeddable":true,"href":"https:\/\/www.revista-insaiguaviva.org\/curs2022-2023\/wp-json\/wp\/v2\/users\/2"}],"replies":[{"embeddable":true,"href":"https:\/\/www.revista-insaiguaviva.org\/curs2022-2023\/wp-json\/wp\/v2\/comments?post=745"}],"version-history":[{"count":3,"href":"https:\/\/www.revista-insaiguaviva.org\/curs2022-2023\/wp-json\/wp\/v2\/posts\/745\/revisions"}],"predecessor-version":[{"id":749,"href":"https:\/\/www.revista-insaiguaviva.org\/curs2022-2023\/wp-json\/wp\/v2\/posts\/745\/revisions\/749"}],"wp:attachment":[{"href":"https:\/\/www.revista-insaiguaviva.org\/curs2022-2023\/wp-json\/wp\/v2\/media?parent=745"}],"wp:term":[{"taxonomy":"category","embeddable":true,"href":"https:\/\/www.revista-insaiguaviva.org\/curs2022-2023\/wp-json\/wp\/v2\/categories?post=745"},{"taxonomy":"post_tag","embeddable":true,"href":"https:\/\/www.revista-insaiguaviva.org\/curs2022-2023\/wp-json\/wp\/v2\/tags?post=745"}],"curies":[{"name":"wp","href":"https:\/\/api.w.org\/{rel}","templated":true}]}}