{"id":129,"date":"2023-10-17T18:14:37","date_gmt":"2023-10-17T16:14:37","guid":{"rendered":"https:\/\/www.revista-insaiguaviva.org\/curs2023-2024\/?p=129"},"modified":"2023-10-17T18:14:46","modified_gmt":"2023-10-17T16:14:46","slug":"mollet-del-valles-vila-del-llibre","status":"publish","type":"post","link":"https:\/\/www.revista-insaiguaviva.org\/curs2023-2024\/2023\/10\/17\/mollet-del-valles-vila-del-llibre\/","title":{"rendered":"Mollet del Vall\u00e8s Vila del Llibre"},"content":{"rendered":"\n<p>Els propers dies<em>\u00a0<strong>21 i 22 d&#8217;octubre<\/strong>\u00a0Mollet del Vall\u00e8s acollir\u00e0 la\u00a0<\/em><strong><em>Vila del Llibre<\/em><\/strong><em>, que tindr\u00e0 lloc en el magn\u00edfic entorn del parc de Can Mul\u00e0, a l&#8217;ombra de la Biblioteca Can Mul\u00e0 &#8211; Jordi Sol\u00e9 Tura.<\/em><\/p>\n\n\n\n<p><em>Es tracta d&#8217;un festival dedicat a la literatura infantil i juvenil, amb una especial dedicaci\u00f3 als tallers d&#8217;arts aplicades i oficis del llibre.<\/em><br><br><em>Una vintena d&#8217;editorials independents i entitats, associacions i llibreries locals ompliran de llibres el parc posant la cultura a peu de carrer, a l&#8217;abast de la gent.<\/em><br><br><em>Ser\u00e0 un cap de setmana ple d&#8217;activitats per a tothom ( infants, joves i adults) relacionades amb el m\u00f3n literari preparades amb molta il\u00b7lusi\u00f3.<\/em><\/p>\n\n\n\n<p>Podreu participar alumnes i fam\u00edlies. NO US HO PERDEU!!<\/p>\n\n\n\n<figure class=\"wp-block-image size-large\"><img loading=\"lazy\" decoding=\"async\" width=\"724\" height=\"1024\" src=\"https:\/\/www.revista-insaiguaviva.org\/curs2023-2024\/wp-content\/uploads\/2023\/10\/Cartell_Mollet_2023_04_final_QR-724x1024.jpg\" alt=\"\" class=\"wp-image-130\" srcset=\"https:\/\/www.revista-insaiguaviva.org\/curs2023-2024\/wp-content\/uploads\/2023\/10\/Cartell_Mollet_2023_04_final_QR-724x1024.jpg 724w, https:\/\/www.revista-insaiguaviva.org\/curs2023-2024\/wp-content\/uploads\/2023\/10\/Cartell_Mollet_2023_04_final_QR-212x300.jpg 212w, https:\/\/www.revista-insaiguaviva.org\/curs2023-2024\/wp-content\/uploads\/2023\/10\/Cartell_Mollet_2023_04_final_QR-768x1086.jpg 768w, https:\/\/www.revista-insaiguaviva.org\/curs2023-2024\/wp-content\/uploads\/2023\/10\/Cartell_Mollet_2023_04_final_QR-1086x1536.jpg 1086w, https:\/\/www.revista-insaiguaviva.org\/curs2023-2024\/wp-content\/uploads\/2023\/10\/Cartell_Mollet_2023_04_final_QR-1448x2048.jpg 1448w, https:\/\/www.revista-insaiguaviva.org\/curs2023-2024\/wp-content\/uploads\/2023\/10\/Cartell_Mollet_2023_04_final_QR-scaled.jpg 1810w\" sizes=\"auto, (max-width: 724px) 100vw, 724px\" \/><\/figure>\n\n\n\n<div data-wp-interactive=\"core\/file\" class=\"wp-block-file\"><object data-wp-bind--hidden=\"!state.hasPdfPreview\" hidden class=\"wp-block-file__embed\" data=\"https:\/\/www.revista-insaiguaviva.org\/curs2023-2024\/wp-content\/uploads\/2023\/10\/Programa_Mollet-VdL23.pdf\" type=\"application\/pdf\" style=\"width:100%;height:600px\" aria-label=\"Incrustaci\u00f3 del fitxer Programa_Mollet-VdL23.\"><\/object><a id=\"wp-block-file--media-e1e98684-d429-4c14-8466-7a42206bfad4\" href=\"https:\/\/www.revista-insaiguaviva.org\/curs2023-2024\/wp-content\/uploads\/2023\/10\/Programa_Mollet-VdL23.pdf\">Programa_Mollet-VdL23<\/a><a href=\"https:\/\/www.revista-insaiguaviva.org\/curs2023-2024\/wp-content\/uploads\/2023\/10\/Programa_Mollet-VdL23.pdf\" class=\"wp-block-file__button wp-element-button\" download aria-describedby=\"wp-block-file--media-e1e98684-d429-4c14-8466-7a42206bfad4\">Baixa<\/a><\/div>\n","protected":false},"excerpt":{"rendered":"<p>Els propers dies\u00a021 i 22 d&#8217;octubre\u00a0Mollet del Vall\u00e8s acollir\u00e0 la\u00a0Vila del Llibre, que tindr\u00e0 lloc en el magn\u00edfic entorn del parc de Can Mul\u00e0, a l&#8217;ombra de la Biblioteca Can Mul\u00e0 &#8211; Jordi Sol\u00e9 Tura. Es tracta d&#8217;un festival dedicat a la literatura infantil i juvenil, amb una especial dedicaci\u00f3 als tallers d&#8217;arts aplicades i &hellip; <\/p>\n<p class=\"link-more\"><a href=\"https:\/\/www.revista-insaiguaviva.org\/curs2023-2024\/2023\/10\/17\/mollet-del-valles-vila-del-llibre\/\" class=\"more-link\">Continua llegint <span class=\"screen-reader-text\">\u00abMollet del Vall\u00e8s Vila del Llibre\u00bb<\/span><\/a><\/p>\n","protected":false},"author":2,"featured_media":0,"comment_status":"open","ping_status":"open","sticky":false,"template":"","format":"standard","meta":{"footnotes":""},"categories":[41,29],"tags":[],"class_list":["post-129","post","type-post","status-publish","format-standard","hentry","category-mollet-del-valles-vila-del-llibre","category-noticies"],"_links":{"self":[{"href":"https:\/\/www.revista-insaiguaviva.org\/curs2023-2024\/wp-json\/wp\/v2\/posts\/129","targetHints":{"allow":["GET"]}}],"collection":[{"href":"https:\/\/www.revista-insaiguaviva.org\/curs2023-2024\/wp-json\/wp\/v2\/posts"}],"about":[{"href":"https:\/\/www.revista-insaiguaviva.org\/curs2023-2024\/wp-json\/wp\/v2\/types\/post"}],"author":[{"embeddable":true,"href":"https:\/\/www.revista-insaiguaviva.org\/curs2023-2024\/wp-json\/wp\/v2\/users\/2"}],"replies":[{"embeddable":true,"href":"https:\/\/www.revista-insaiguaviva.org\/curs2023-2024\/wp-json\/wp\/v2\/comments?post=129"}],"version-history":[{"count":2,"href":"https:\/\/www.revista-insaiguaviva.org\/curs2023-2024\/wp-json\/wp\/v2\/posts\/129\/revisions"}],"predecessor-version":[{"id":133,"href":"https:\/\/www.revista-insaiguaviva.org\/curs2023-2024\/wp-json\/wp\/v2\/posts\/129\/revisions\/133"}],"wp:attachment":[{"href":"https:\/\/www.revista-insaiguaviva.org\/curs2023-2024\/wp-json\/wp\/v2\/media?parent=129"}],"wp:term":[{"taxonomy":"category","embeddable":true,"href":"https:\/\/www.revista-insaiguaviva.org\/curs2023-2024\/wp-json\/wp\/v2\/categories?post=129"},{"taxonomy":"post_tag","embeddable":true,"href":"https:\/\/www.revista-insaiguaviva.org\/curs2023-2024\/wp-json\/wp\/v2\/tags?post=129"}],"curies":[{"name":"wp","href":"https:\/\/api.w.org\/{rel}","templated":true}]}}