{"id":136,"date":"2023-10-04T18:42:05","date_gmt":"2023-10-04T16:42:05","guid":{"rendered":"https:\/\/www.revista-insaiguaviva.org\/curs2023-2024\/?p=136"},"modified":"2023-10-17T18:46:46","modified_gmt":"2023-10-17T16:46:46","slug":"musica-al-carrer","status":"publish","type":"post","link":"https:\/\/www.revista-insaiguaviva.org\/curs2023-2024\/2023\/10\/04\/musica-al-carrer\/","title":{"rendered":"M\u00fasica al carrer"},"content":{"rendered":"\n<p>&#8220;El Maria Canals porta cua&#8221;<\/p>\n\n\n\n<p>Els alumnes de 4t d&#8217;ESO que cursen l&#8217;optativa de m\u00fasica han gaudit de la m\u00fasica al carrer amb el piano que s&#8217;ha situat a la pla\u00e7a Catalunya de Mollet amb motiu de la 8a. edici\u00f3 del Festival Internacional de M\u00fasica SONA MOLLET. <\/p>\n\n\n\n<figure class=\"wp-block-image size-large\"><img loading=\"lazy\" decoding=\"async\" width=\"1024\" height=\"768\" src=\"https:\/\/www.revista-insaiguaviva.org\/curs2023-2024\/wp-content\/uploads\/2023\/10\/1696450629967-1024x768.jpg\" alt=\"\" class=\"wp-image-137\" srcset=\"https:\/\/www.revista-insaiguaviva.org\/curs2023-2024\/wp-content\/uploads\/2023\/10\/1696450629967-1024x768.jpg 1024w, https:\/\/www.revista-insaiguaviva.org\/curs2023-2024\/wp-content\/uploads\/2023\/10\/1696450629967-300x225.jpg 300w, https:\/\/www.revista-insaiguaviva.org\/curs2023-2024\/wp-content\/uploads\/2023\/10\/1696450629967-768x576.jpg 768w, https:\/\/www.revista-insaiguaviva.org\/curs2023-2024\/wp-content\/uploads\/2023\/10\/1696450629967-1536x1152.jpg 1536w, https:\/\/www.revista-insaiguaviva.org\/curs2023-2024\/wp-content\/uploads\/2023\/10\/1696450629967.jpg 2048w\" sizes=\"auto, (max-width: 767px) 89vw, (max-width: 1000px) 54vw, (max-width: 1071px) 543px, 580px\" \/><\/figure>\n\n\n\n<p>Podeu veure algunes fotografies clicant <a href=\"https:\/\/photos.app.goo.gl\/hYhP55LcjRnbkcr9A\" target=\"_blank\" rel=\"noreferrer noopener\">aqu\u00ed<\/a>. <\/p>\n","protected":false},"excerpt":{"rendered":"<p>&#8220;El Maria Canals porta cua&#8221; Els alumnes de 4t d&#8217;ESO que cursen l&#8217;optativa de m\u00fasica han gaudit de la m\u00fasica al carrer amb el piano que s&#8217;ha situat a la pla\u00e7a Catalunya de Mollet amb motiu de la 8a. edici\u00f3 del Festival Internacional de M\u00fasica SONA MOLLET. Podeu veure algunes fotografies clicant aqu\u00ed.<\/p>\n","protected":false},"author":2,"featured_media":0,"comment_status":"open","ping_status":"open","sticky":false,"template":"","format":"standard","meta":{"footnotes":""},"categories":[42,28],"tags":[],"class_list":["post-136","post","type-post","status-publish","format-standard","hentry","category-musica-al-carrer-4-eso","category-sortides"],"_links":{"self":[{"href":"https:\/\/www.revista-insaiguaviva.org\/curs2023-2024\/wp-json\/wp\/v2\/posts\/136","targetHints":{"allow":["GET"]}}],"collection":[{"href":"https:\/\/www.revista-insaiguaviva.org\/curs2023-2024\/wp-json\/wp\/v2\/posts"}],"about":[{"href":"https:\/\/www.revista-insaiguaviva.org\/curs2023-2024\/wp-json\/wp\/v2\/types\/post"}],"author":[{"embeddable":true,"href":"https:\/\/www.revista-insaiguaviva.org\/curs2023-2024\/wp-json\/wp\/v2\/users\/2"}],"replies":[{"embeddable":true,"href":"https:\/\/www.revista-insaiguaviva.org\/curs2023-2024\/wp-json\/wp\/v2\/comments?post=136"}],"version-history":[{"count":1,"href":"https:\/\/www.revista-insaiguaviva.org\/curs2023-2024\/wp-json\/wp\/v2\/posts\/136\/revisions"}],"predecessor-version":[{"id":138,"href":"https:\/\/www.revista-insaiguaviva.org\/curs2023-2024\/wp-json\/wp\/v2\/posts\/136\/revisions\/138"}],"wp:attachment":[{"href":"https:\/\/www.revista-insaiguaviva.org\/curs2023-2024\/wp-json\/wp\/v2\/media?parent=136"}],"wp:term":[{"taxonomy":"category","embeddable":true,"href":"https:\/\/www.revista-insaiguaviva.org\/curs2023-2024\/wp-json\/wp\/v2\/categories?post=136"},{"taxonomy":"post_tag","embeddable":true,"href":"https:\/\/www.revista-insaiguaviva.org\/curs2023-2024\/wp-json\/wp\/v2\/tags?post=136"}],"curies":[{"name":"wp","href":"https:\/\/api.w.org\/{rel}","templated":true}]}}