{"id":299,"date":"2024-01-25T21:29:00","date_gmt":"2024-01-25T19:29:00","guid":{"rendered":"https:\/\/www.revista-insaiguaviva.org\/curs2023-2024\/?p=299"},"modified":"2024-01-26T22:40:55","modified_gmt":"2024-01-26T20:40:55","slug":"sortida-a-narbonne-franca","status":"publish","type":"post","link":"https:\/\/www.revista-insaiguaviva.org\/curs2023-2024\/2024\/01\/25\/sortida-a-narbonne-franca\/","title":{"rendered":"Sortida a Narbonne (Fran\u00e7a)"},"content":{"rendered":"\n<p>Els alumnes del nostre centre de 1r i 2n de batxillerat i de 3r d&#8217;ESO que cursen franc\u00e8s com a segona llengua estrangera han gaudit d&#8217;una sortida a Narbonne per visitar la ciutat i practicar la llengua francesa. <\/p>\n\n\n\n<p>Aqu\u00ed la cr\u00f2nica que ens ha fet l&#8217;<strong>Arianna Alcalde<\/strong>, de segon de batxillerat: <\/p>\n\n\n\n<p><em>Le 17 janvier, quelques \u00e9tudiants de fran\u00e7ais sommes all\u00e9s \u00e0 Narbonne. Nous sommes partis le matin et quand nous sommes arriv\u00e9s, nous sommes all\u00e9s visiter la cath\u00e9drale, elle est tr\u00e8s belle. En plus, les \u00e9tudiants de la deuxi\u00e8me ann\u00e9e de Batxillerat ont expliqu\u00e9 les informations les plus importantes. Ensuite, nous sommes all\u00e9s voir la Via Domitia, dans le centre-ville. Nous avons aussi visit\u00e9 le March\u00e9 Les Halles, pour d\u00e9couvrir les produits typiques de la r\u00e9gion, et devant on pu voir le canal de La Robine.<\/em><\/p>\n\n\n\n<p><em>Quelques minutes apr\u00e8s, on a pu manger des cr\u00eapes typiques dans une caf\u00e9t\u00e9ria. Finalement, l\u2019apr\u00e8s-midi nous sommes retourn\u00e9s tr\u00e8s contents \u00e0 Mollet<\/em>.<\/p>\n\n\n\n<figure class=\"wp-block-image size-large\"><img loading=\"lazy\" decoding=\"async\" width=\"576\" height=\"1024\" src=\"https:\/\/www.revista-insaiguaviva.org\/curs2023-2024\/wp-content\/uploads\/2024\/01\/1705958256540-576x1024.jpg\" alt=\"\" class=\"wp-image-302\" srcset=\"https:\/\/www.revista-insaiguaviva.org\/curs2023-2024\/wp-content\/uploads\/2024\/01\/1705958256540-576x1024.jpg 576w, https:\/\/www.revista-insaiguaviva.org\/curs2023-2024\/wp-content\/uploads\/2024\/01\/1705958256540-169x300.jpg 169w, https:\/\/www.revista-insaiguaviva.org\/curs2023-2024\/wp-content\/uploads\/2024\/01\/1705958256540-768x1365.jpg 768w, https:\/\/www.revista-insaiguaviva.org\/curs2023-2024\/wp-content\/uploads\/2024\/01\/1705958256540-864x1536.jpg 864w, https:\/\/www.revista-insaiguaviva.org\/curs2023-2024\/wp-content\/uploads\/2024\/01\/1705958256540.jpg 900w\" sizes=\"auto, (max-width: 576px) 100vw, 576px\" \/><\/figure>\n\n\n\n<p>Podeu veure algunes fotografies clicant <a href=\"https:\/\/photos.app.goo.gl\/bV6RiVF1YuXUg1Fx8\" target=\"_blank\" rel=\"noreferrer noopener\">aqu\u00ed.<\/a> <\/p>\n","protected":false},"excerpt":{"rendered":"<p>Els alumnes del nostre centre de 1r i 2n de batxillerat i de 3r d&#8217;ESO que cursen franc\u00e8s com a segona llengua estrangera han gaudit d&#8217;una sortida a Narbonne per visitar la ciutat i practicar la llengua francesa. Aqu\u00ed la cr\u00f2nica que ens ha fet l&#8217;Arianna Alcalde, de segon de batxillerat: Le 17 janvier, quelques &hellip; <\/p>\n<p class=\"link-more\"><a href=\"https:\/\/www.revista-insaiguaviva.org\/curs2023-2024\/2024\/01\/25\/sortida-a-narbonne-franca\/\" class=\"more-link\">Continua llegint <span class=\"screen-reader-text\">\u00abSortida a Narbonne (Fran\u00e7a)\u00bb<\/span><\/a><\/p>\n","protected":false},"author":2,"featured_media":0,"comment_status":"open","ping_status":"open","sticky":false,"template":"","format":"standard","meta":{"footnotes":""},"categories":[28],"tags":[],"class_list":["post-299","post","type-post","status-publish","format-standard","hentry","category-sortides"],"_links":{"self":[{"href":"https:\/\/www.revista-insaiguaviva.org\/curs2023-2024\/wp-json\/wp\/v2\/posts\/299","targetHints":{"allow":["GET"]}}],"collection":[{"href":"https:\/\/www.revista-insaiguaviva.org\/curs2023-2024\/wp-json\/wp\/v2\/posts"}],"about":[{"href":"https:\/\/www.revista-insaiguaviva.org\/curs2023-2024\/wp-json\/wp\/v2\/types\/post"}],"author":[{"embeddable":true,"href":"https:\/\/www.revista-insaiguaviva.org\/curs2023-2024\/wp-json\/wp\/v2\/users\/2"}],"replies":[{"embeddable":true,"href":"https:\/\/www.revista-insaiguaviva.org\/curs2023-2024\/wp-json\/wp\/v2\/comments?post=299"}],"version-history":[{"count":4,"href":"https:\/\/www.revista-insaiguaviva.org\/curs2023-2024\/wp-json\/wp\/v2\/posts\/299\/revisions"}],"predecessor-version":[{"id":306,"href":"https:\/\/www.revista-insaiguaviva.org\/curs2023-2024\/wp-json\/wp\/v2\/posts\/299\/revisions\/306"}],"wp:attachment":[{"href":"https:\/\/www.revista-insaiguaviva.org\/curs2023-2024\/wp-json\/wp\/v2\/media?parent=299"}],"wp:term":[{"taxonomy":"category","embeddable":true,"href":"https:\/\/www.revista-insaiguaviva.org\/curs2023-2024\/wp-json\/wp\/v2\/categories?post=299"},{"taxonomy":"post_tag","embeddable":true,"href":"https:\/\/www.revista-insaiguaviva.org\/curs2023-2024\/wp-json\/wp\/v2\/tags?post=299"}],"curies":[{"name":"wp","href":"https:\/\/api.w.org\/{rel}","templated":true}]}}