{"id":319,"date":"2024-02-07T10:17:13","date_gmt":"2024-02-07T08:17:13","guid":{"rendered":"https:\/\/www.revista-insaiguaviva.org\/curs2023-2024\/?p=319"},"modified":"2024-02-07T10:17:13","modified_gmt":"2024-02-07T08:17:13","slug":"portes-obertes-eso","status":"publish","type":"post","link":"https:\/\/www.revista-insaiguaviva.org\/curs2023-2024\/2024\/02\/07\/portes-obertes-eso\/","title":{"rendered":"Portes obertes ESO"},"content":{"rendered":"\n<p>El proper dia 23 de febrer farem la diada de Portes Obertes al nostre centre per a les fam\u00edlies i els alumnes que han de comen\u00e7ar primer d&#8217;ESO o que vulguin incorporar-se a altres cursos d&#8217;ESO. <\/p>\n\n\n\n<p><\/p>\n\n\n\n<p>Hi haur\u00e0 dos torns de xerrades; a les 17:00 i a les 18:15 hores. Les fam\u00edlies que vinguin a la xerrada de les 17:00 h, que es far\u00e0 a Rambla, despr\u00e9s d&#8217;escoltar la xerrada sobre el nostre Projecte Educatiu i con\u00e8ixer aquestes instal\u00b7lacions, aniran a visitar les instal\u00b7lacions del Calder\u00f3.  <\/p>\n\n\n\n<p>Les fam\u00edlies que s\u2019apuntin a la segona sessi\u00f3, a les 18:15h, tenen l&#8217;opci\u00f3 d&#8217;anar  primer a fer la visita de les instal\u00b7lacions del Calder\u00f3 i despr\u00e8s anar a Rambla per assistir a la xerrada i veure les instal\u00b7lacions de l&#8217;edifici Rambla.<\/p>\n\n\n\n<p>A les dues seus hi haur\u00e0 aules mostrals preparades pels professors dels departaments per ensenyar les tasques que es realitzen a les diferents mat\u00e8ries i als Projectes de Centre.<\/p>\n\n\n\n<p>Us hi esperem!<\/p>\n\n\n\n<p>Us convidem a fer una visita virtual amb aquest v\u00eddeo. <\/p>\n\n\n\n<figure class=\"wp-block-embed is-type-video is-provider-youtube wp-block-embed-youtube wp-embed-aspect-16-9 wp-has-aspect-ratio\"><div class=\"wp-block-embed__wrapper\">\n<iframe loading=\"lazy\" title=\"Portes obertes 2024 - Visita virtual - INS Aiguaviva\" width=\"525\" height=\"295\" src=\"https:\/\/www.youtube.com\/embed\/-EiclBHLaEg?feature=oembed\" frameborder=\"0\" allow=\"accelerometer; autoplay; clipboard-write; encrypted-media; gyroscope; picture-in-picture; web-share\" referrerpolicy=\"strict-origin-when-cross-origin\" allowfullscreen><\/iframe>\n<\/div><\/figure>\n","protected":false},"excerpt":{"rendered":"<p>El proper dia 23 de febrer farem la diada de Portes Obertes al nostre centre per a les fam\u00edlies i els alumnes que han de comen\u00e7ar primer d&#8217;ESO o que vulguin incorporar-se a altres cursos d&#8217;ESO. Hi haur\u00e0 dos torns de xerrades; a les 17:00 i a les 18:15 hores. Les fam\u00edlies que vinguin a &hellip; <\/p>\n<p class=\"link-more\"><a href=\"https:\/\/www.revista-insaiguaviva.org\/curs2023-2024\/2024\/02\/07\/portes-obertes-eso\/\" class=\"more-link\">Continua llegint <span class=\"screen-reader-text\">\u00abPortes obertes ESO\u00bb<\/span><\/a><\/p>\n","protected":false},"author":2,"featured_media":0,"comment_status":"open","ping_status":"open","sticky":false,"template":"","format":"standard","meta":{"footnotes":""},"categories":[67],"tags":[],"class_list":["post-319","post","type-post","status-publish","format-standard","hentry","category-portes-obertes-eso"],"_links":{"self":[{"href":"https:\/\/www.revista-insaiguaviva.org\/curs2023-2024\/wp-json\/wp\/v2\/posts\/319","targetHints":{"allow":["GET"]}}],"collection":[{"href":"https:\/\/www.revista-insaiguaviva.org\/curs2023-2024\/wp-json\/wp\/v2\/posts"}],"about":[{"href":"https:\/\/www.revista-insaiguaviva.org\/curs2023-2024\/wp-json\/wp\/v2\/types\/post"}],"author":[{"embeddable":true,"href":"https:\/\/www.revista-insaiguaviva.org\/curs2023-2024\/wp-json\/wp\/v2\/users\/2"}],"replies":[{"embeddable":true,"href":"https:\/\/www.revista-insaiguaviva.org\/curs2023-2024\/wp-json\/wp\/v2\/comments?post=319"}],"version-history":[{"count":1,"href":"https:\/\/www.revista-insaiguaviva.org\/curs2023-2024\/wp-json\/wp\/v2\/posts\/319\/revisions"}],"predecessor-version":[{"id":320,"href":"https:\/\/www.revista-insaiguaviva.org\/curs2023-2024\/wp-json\/wp\/v2\/posts\/319\/revisions\/320"}],"wp:attachment":[{"href":"https:\/\/www.revista-insaiguaviva.org\/curs2023-2024\/wp-json\/wp\/v2\/media?parent=319"}],"wp:term":[{"taxonomy":"category","embeddable":true,"href":"https:\/\/www.revista-insaiguaviva.org\/curs2023-2024\/wp-json\/wp\/v2\/categories?post=319"},{"taxonomy":"post_tag","embeddable":true,"href":"https:\/\/www.revista-insaiguaviva.org\/curs2023-2024\/wp-json\/wp\/v2\/tags?post=319"}],"curies":[{"name":"wp","href":"https:\/\/api.w.org\/{rel}","templated":true}]}}