{"id":392,"date":"2024-03-06T19:09:26","date_gmt":"2024-03-06T17:09:26","guid":{"rendered":"https:\/\/www.revista-insaiguaviva.org\/curs2023-2024\/?p=392"},"modified":"2024-03-07T19:17:27","modified_gmt":"2024-03-07T17:17:27","slug":"projecte-solidari-de-primer-de-batxillerat","status":"publish","type":"post","link":"https:\/\/www.revista-insaiguaviva.org\/curs2023-2024\/2024\/03\/06\/projecte-solidari-de-primer-de-batxillerat\/","title":{"rendered":"Projecte solidari de primer de batxillerat"},"content":{"rendered":"\n<p>El projecte cooperatiu solidari de l&#8217;alumnat de primer de batxillerat per al segon trimestre  consistia en crear un espectacle entre tots i representar-lo davant dels avis i \u00e0vies al centre de dia El Cam\u00ed. Dilluns, 4 de mar\u00e7, va ser el gran dia. L&#8217;espectacle va tenir molt d&#8217;\u00e8xit, per\u00f2 el m\u00e9s bonic de tot va ser viure la tendresa i el respecte amb el que es van apropar les dues generacions. Un 10 per als de primer de batx!!!<\/p>\n\n\n\n<figure class=\"wp-block-image size-large\"><img loading=\"lazy\" decoding=\"async\" width=\"1024\" height=\"768\" src=\"https:\/\/www.revista-insaiguaviva.org\/curs2023-2024\/wp-content\/uploads\/2024\/03\/1709569899994-1024x768.jpg\" alt=\"\" class=\"wp-image-393\" srcset=\"https:\/\/www.revista-insaiguaviva.org\/curs2023-2024\/wp-content\/uploads\/2024\/03\/1709569899994-1024x768.jpg 1024w, https:\/\/www.revista-insaiguaviva.org\/curs2023-2024\/wp-content\/uploads\/2024\/03\/1709569899994-300x225.jpg 300w, https:\/\/www.revista-insaiguaviva.org\/curs2023-2024\/wp-content\/uploads\/2024\/03\/1709569899994-768x576.jpg 768w, https:\/\/www.revista-insaiguaviva.org\/curs2023-2024\/wp-content\/uploads\/2024\/03\/1709569899994-1536x1152.jpg 1536w, https:\/\/www.revista-insaiguaviva.org\/curs2023-2024\/wp-content\/uploads\/2024\/03\/1709569899994.jpg 2048w\" sizes=\"auto, (max-width: 767px) 89vw, (max-width: 1000px) 54vw, (max-width: 1071px) 543px, 580px\" \/><\/figure>\n\n\n\n<p>Podeu veure algunes fotografies clicant <a href=\"https:\/\/photos.app.goo.gl\/tCgWgGJRU7pSJaMm8\">aqu\u00ed<\/a>. <\/p>\n","protected":false},"excerpt":{"rendered":"<p>El projecte cooperatiu solidari de l&#8217;alumnat de primer de batxillerat per al segon trimestre consistia en crear un espectacle entre tots i representar-lo davant dels avis i \u00e0vies al centre de dia El Cam\u00ed. Dilluns, 4 de mar\u00e7, va ser el gran dia. L&#8217;espectacle va tenir molt d&#8217;\u00e8xit, per\u00f2 el m\u00e9s bonic de tot va &hellip; <\/p>\n<p class=\"link-more\"><a href=\"https:\/\/www.revista-insaiguaviva.org\/curs2023-2024\/2024\/03\/06\/projecte-solidari-de-primer-de-batxillerat\/\" class=\"more-link\">Continua llegint <span class=\"screen-reader-text\">\u00abProjecte solidari de primer de batxillerat\u00bb<\/span><\/a><\/p>\n","protected":false},"author":2,"featured_media":0,"comment_status":"open","ping_status":"open","sticky":false,"template":"","format":"standard","meta":{"footnotes":""},"categories":[9,73],"tags":[],"class_list":["post-392","post","type-post","status-publish","format-standard","hentry","category-educacio-fisica","category-projecte-cooperatiu-solidari-1-batx"],"_links":{"self":[{"href":"https:\/\/www.revista-insaiguaviva.org\/curs2023-2024\/wp-json\/wp\/v2\/posts\/392","targetHints":{"allow":["GET"]}}],"collection":[{"href":"https:\/\/www.revista-insaiguaviva.org\/curs2023-2024\/wp-json\/wp\/v2\/posts"}],"about":[{"href":"https:\/\/www.revista-insaiguaviva.org\/curs2023-2024\/wp-json\/wp\/v2\/types\/post"}],"author":[{"embeddable":true,"href":"https:\/\/www.revista-insaiguaviva.org\/curs2023-2024\/wp-json\/wp\/v2\/users\/2"}],"replies":[{"embeddable":true,"href":"https:\/\/www.revista-insaiguaviva.org\/curs2023-2024\/wp-json\/wp\/v2\/comments?post=392"}],"version-history":[{"count":3,"href":"https:\/\/www.revista-insaiguaviva.org\/curs2023-2024\/wp-json\/wp\/v2\/posts\/392\/revisions"}],"predecessor-version":[{"id":396,"href":"https:\/\/www.revista-insaiguaviva.org\/curs2023-2024\/wp-json\/wp\/v2\/posts\/392\/revisions\/396"}],"wp:attachment":[{"href":"https:\/\/www.revista-insaiguaviva.org\/curs2023-2024\/wp-json\/wp\/v2\/media?parent=392"}],"wp:term":[{"taxonomy":"category","embeddable":true,"href":"https:\/\/www.revista-insaiguaviva.org\/curs2023-2024\/wp-json\/wp\/v2\/categories?post=392"},{"taxonomy":"post_tag","embeddable":true,"href":"https:\/\/www.revista-insaiguaviva.org\/curs2023-2024\/wp-json\/wp\/v2\/tags?post=392"}],"curies":[{"name":"wp","href":"https:\/\/api.w.org\/{rel}","templated":true}]}}