{"id":417,"date":"2024-03-12T12:58:02","date_gmt":"2024-03-12T10:58:02","guid":{"rendered":"https:\/\/www.revista-insaiguaviva.org\/curs2023-2024\/?p=417"},"modified":"2024-03-12T20:21:03","modified_gmt":"2024-03-12T18:21:03","slug":"dia-de-la-dona","status":"publish","type":"post","link":"https:\/\/www.revista-insaiguaviva.org\/curs2023-2024\/2024\/03\/12\/dia-de-la-dona\/","title":{"rendered":"Dia de la dona"},"content":{"rendered":"\n<p>\u00a0L&#8217;alumnat de segon de batxillerat va publicar algunes recomanacions\u00a0de llibres, s\u00e8ries i p\u00f2dcast sobre el Dia Internacional de la Dona que van fer la setmana passada. Les podeu veure en aquest <a href=\"https:\/\/sites.google.com\/insaiguaviva.org\/25-de-novembre-aiguaviva\/8-de-mar%C3%A7\">enlla\u00e7<\/a>. <\/p>\n\n\n\n<p>Tamb\u00e9 podeu veure a la p\u00e0gina&nbsp;la tasca anterior que van fer explicant els casos de viol\u00e8ncia de g\u00e8nere que m\u00e9s els hi han colpit i vam fer servir per fer un projecte i un debat sobre les reflexions. <\/p>\n\n\n\n<figure class=\"wp-block-image size-full\"><img loading=\"lazy\" decoding=\"async\" width=\"369\" height=\"314\" src=\"https:\/\/www.revista-insaiguaviva.org\/curs2023-2024\/wp-content\/uploads\/2024\/03\/7.jpg\" alt=\"\" class=\"wp-image-418\" srcset=\"https:\/\/www.revista-insaiguaviva.org\/curs2023-2024\/wp-content\/uploads\/2024\/03\/7.jpg 369w, https:\/\/www.revista-insaiguaviva.org\/curs2023-2024\/wp-content\/uploads\/2024\/03\/7-300x255.jpg 300w\" sizes=\"auto, (max-width: 369px) 100vw, 369px\" \/><\/figure>\n","protected":false},"excerpt":{"rendered":"<p>\u00a0L&#8217;alumnat de segon de batxillerat va publicar algunes recomanacions\u00a0de llibres, s\u00e8ries i p\u00f2dcast sobre el Dia Internacional de la Dona que van fer la setmana passada. Les podeu veure en aquest enlla\u00e7. Tamb\u00e9 podeu veure a la p\u00e0gina&nbsp;la tasca anterior que van fer explicant els casos de viol\u00e8ncia de g\u00e8nere que m\u00e9s els hi han &hellip; <\/p>\n<p class=\"link-more\"><a href=\"https:\/\/www.revista-insaiguaviva.org\/curs2023-2024\/2024\/03\/12\/dia-de-la-dona\/\" class=\"more-link\">Continua llegint <span class=\"screen-reader-text\">\u00abDia de la dona\u00bb<\/span><\/a><\/p>\n","protected":false},"author":2,"featured_media":0,"comment_status":"open","ping_status":"open","sticky":false,"template":"","format":"standard","meta":{"footnotes":""},"categories":[77,29],"tags":[],"class_list":["post-417","post","type-post","status-publish","format-standard","hentry","category-dia-de-la-dona-2-batx","category-noticies"],"_links":{"self":[{"href":"https:\/\/www.revista-insaiguaviva.org\/curs2023-2024\/wp-json\/wp\/v2\/posts\/417","targetHints":{"allow":["GET"]}}],"collection":[{"href":"https:\/\/www.revista-insaiguaviva.org\/curs2023-2024\/wp-json\/wp\/v2\/posts"}],"about":[{"href":"https:\/\/www.revista-insaiguaviva.org\/curs2023-2024\/wp-json\/wp\/v2\/types\/post"}],"author":[{"embeddable":true,"href":"https:\/\/www.revista-insaiguaviva.org\/curs2023-2024\/wp-json\/wp\/v2\/users\/2"}],"replies":[{"embeddable":true,"href":"https:\/\/www.revista-insaiguaviva.org\/curs2023-2024\/wp-json\/wp\/v2\/comments?post=417"}],"version-history":[{"count":2,"href":"https:\/\/www.revista-insaiguaviva.org\/curs2023-2024\/wp-json\/wp\/v2\/posts\/417\/revisions"}],"predecessor-version":[{"id":446,"href":"https:\/\/www.revista-insaiguaviva.org\/curs2023-2024\/wp-json\/wp\/v2\/posts\/417\/revisions\/446"}],"wp:attachment":[{"href":"https:\/\/www.revista-insaiguaviva.org\/curs2023-2024\/wp-json\/wp\/v2\/media?parent=417"}],"wp:term":[{"taxonomy":"category","embeddable":true,"href":"https:\/\/www.revista-insaiguaviva.org\/curs2023-2024\/wp-json\/wp\/v2\/categories?post=417"},{"taxonomy":"post_tag","embeddable":true,"href":"https:\/\/www.revista-insaiguaviva.org\/curs2023-2024\/wp-json\/wp\/v2\/tags?post=417"}],"curies":[{"name":"wp","href":"https:\/\/api.w.org\/{rel}","templated":true}]}}